{"id":1742,"date":"2021-05-24T16:07:28","date_gmt":"2021-05-24T16:07:28","guid":{"rendered":"http:\/\/medicallab.coreco.es\/?p=1609"},"modified":"2026-07-01T15:45:35","modified_gmt":"2026-07-01T15:45:35","slug":"frigoriferi-farmaceutici-per-evitare-la-perdita-di-medicinali","status":"publish","type":"post","link":"https:\/\/medicallab.coreco.es\/it\/frigorificos-farmaceuticos-para-evitar-perder-medicamentos\/","title":{"rendered":"Frigoriferi farmaceutici per evitare la perdita di medicinali"},"content":{"rendered":"<p class=\"wp-block-paragraph\">Benvenuti a un nuovo post del blog. Oggi vogliamo soffermarci sull\u2019importanza dei frigoriferi farmaceutici per evitare la perdita di medicinali nelle farmacie, nelle strutture sanitarie e nei centri di distribuzione.<\/p>\n\n\n\n<p class=\"wp-block-paragraph\">I rifiuti farmaceutici rappresentano un problema pi\u00f9 o meno diffuso all\u2019interno dei nostri servizi sanitari. Sebbene vi siano molti fattori che contribuiscono a questa situazione, lo stoccaggio in condizioni di sicurezza dei prodotti sensibili alla temperatura, ovvero la <a href=\"https:\/\/medicallab.coreco.es\/it\/come-conservare-i-prodotti-termolabili\/\" data-type=\"post\" data-id=\"911\">conservazione dei farmaci termolabili<\/a>, rimane uno dei pi\u00f9 importanti. <\/p>\n\n\n\n<p class=\"wp-block-paragraph\">Anche se a volte pu\u00f2 passare inosservato.<\/p>\n\n\n\n<p class=\"wp-block-paragraph\">Il <a href=\"https:\/\/medicallab.coreco.es\/it\/frigorificos-de-farmacia-en-malaga\/\">conservazione sicura dei medicinali nelle farmacie<\/a> e negli ospedali \u00e8 fondamentale per ridurre questi rifiuti e i costi sanitari. L'aumento del prezzo dei farmaci \u00e8 uno dei principali punti di attenzione di un settore sanitario che deve affrontare sfide finanziarie molto rilevanti.\u00a0<\/p>\n\n\n\n<h4 class=\"wp-block-heading\">Alcuni dati relativi al settore farmaceutico <\/h4>\n\n\n\n<p class=\"wp-block-paragraph\">I <a href=\"https:\/\/www.plantadoce.com\/entorno\/el-consumo-de-medicamentos-en-los-hospitales-publicos-cae-un-126-en-enero.html#:~:text=En%20el%20primer%20mes%20de,unidades%20registradas%20un%20a%C3%B1o%20antes.\" data-type=\"URL\" data-id=\"https:\/\/www.plantadoce.com\/entorno\/el-consumo-de-medicamentos-en-los-hospitales-publicos-cae-un-126-en-enero.html#:~:text=En%20el%20primer%20mes%20de,unidades%20registradas%20un%20a%C3%B1o%20antes.\">farmaci utilizzati in tutti gli ospedali spagnoli<\/a> Nel corso del 2020 si \u00e8 registrato un calo dell\u20191,33 % rispetto al 2019, secondo i dati rilevati dal Ministero della Salute. Ciononostante, la spesa farmaceutica \u00e8 cresciuta del 4,96%. Tuttavia, non si tratta del dato di crescita pi\u00f9 elevato di questo indicatore dal 2017, anno in cui si \u00e8 iniziato a rilevarlo.<\/p>\n\n\n\n<p class=\"wp-block-paragraph\">L'anno della pandemia si \u00e8 concluso con un forte aumento sia del numero di imballaggi che del costo rispetto a dicembre 2019: 12.581 TP3T e 12.551 TP3T. Ci\u00f2 interrompe le tendenze annuali di entrambi gli indicatori.<\/p>\n\n\n\n<h3 class=\"wp-block-heading\">Perch\u00e9 \u00e8 cos\u00ec importante utilizzare frigoriferi farmaceutici per la conservazione dei medicinali?<\/h3>\n\n\n\n<p class=\"wp-block-paragraph\">I principi attivi di qualsiasi medicinale possono subire una modifica della loro struttura molecolare se esposti a temperature diverse. Ci\u00f2 pu\u00f2 causare la decomposizione del medicinale. <\/p>\n\n\n\n<p class=\"wp-block-paragraph\">Quando ci\u00f2 accade, i farmaci perdono efficacia e possono persino causare effetti collaterali o essere pericolosi. Per questo motivo, i farmaci sensibili alla temperatura che si sono \u00abrovinati\u00bb a causa di una conservazione non corretta devono essere smaltiti.<\/p>\n\n\n\n<p class=\"wp-block-paragraph\">Inoltre, nel settore veterinario \u00e8 molto importante la <a href=\"https:\/\/medicallab.coreco.es\/it\/refrigeradores-para-vacunas-veterinarias\/\" data-type=\"post\" data-id=\"1633\">conservazione a freddo di farmaci e vaccini<\/a>.<\/p>\n\n\n\n<h4 class=\"wp-block-heading\">Il caso dei vaccini<\/h4>\n\n\n\n<p class=\"wp-block-paragraph\">D'altra parte ci sono i vaccini. Possono perdere la loro efficacia se in qualsiasi momento vengono esposti a temperature troppo elevate o troppo basse. <\/p>\n\n\n\n<p class=\"wp-block-paragraph\">I vaccini subiscono una biodegradazione naturale con il passare del tempo. Pertanto, la conservazione al di fuori dell'intervallo di temperatura raccomandato pu\u00f2 accelerarne la perdita delle propriet\u00e0. <\/p>\n\n\n\n<p class=\"wp-block-paragraph\">Questo effetto \u00e8 irreversibile. La somministrazione di un vaccino in cattive condizioni impedir\u00e0 lo sviluppo della risposta immunitaria desiderata. Pertanto, un vaccino danneggiato non offre alcuna protezione.&nbsp;<\/p>\n\n\n\n<p class=\"wp-block-paragraph\">Fino ad aprile 2021, il governo spagnolo ha speso quasi 2.000 milioni di euro per l\u2019acquisto di vaccini contro il Covid-19. Si tratta di una somma ingente in un momento economico molto delicato. Pertanto, occorre evitare a tutti i costi gli sprechi derivanti da uno stoccaggio inadeguato.<\/p>\n\n\n\n<h4 class=\"wp-block-heading\">Il caso dei farmaci biologici<\/h4>\n\n\n\n<p class=\"wp-block-paragraph\">Oltre ai vaccini, anche i farmaci biologici \u2013 come l\u2019insulina \u2013 e quelli destinati al trattamento di malattie quali l\u2019artrite reumatoide, le malattie infiammatorie intestinali, la psoriasi e diverse forme di cancro sono spesso sensibili alle temperature estreme. In altre parole, se la loro integrit\u00e0 viene compromessa, possono mettere a rischio i pazienti.&nbsp;<\/p>\n\n\n\n<p class=\"wp-block-paragraph\">I prodotti biologici rappresentano una categoria di farmaci innovativa e in rapida espansione. Si stima che nel 2022 le vendite di prodotti biologici rappresenteranno circa il 30% (ovvero 326.000 milioni di dollari) delle vendite di farmaci soggetti a prescrizione medica in tutto il mondo.&nbsp;<\/p>\n\n\n\n<p class=\"wp-block-paragraph\">Tuttavia, garantire la sicurezza e l'efficacia di queste terapie all'avanguardia pu\u00f2 comportare sfide particolari. I pazienti che assumono farmaci il cui potenziale \u00e8 stato ridotto o addirittura compromesso a causa di una conservazione non corretta possono subire peggioramenti clinici.<\/p>\n\n\n\n<h3 class=\"wp-block-heading\">Consigli di base<\/h3>\n\n\n\n<p class=\"wp-block-paragraph\">Una volta prodotti, i vaccini e i prodotti biologici devono essere trasportati e conservati alle temperature raccomandate dai produttori. Molti di questi prodotti richiedono temperature inferiori a quella ambiente per garantirne la qualit\u00e0 e l'efficacia. <\/p>\n\n\n\n<p class=\"wp-block-paragraph\">Spesso vengono definiti \u00abprodotti della catena del freddo\u00bb o \u00ablinee di refrigerazione\u00bb e sono soggetti a rigorosi requisiti di temperatura.&nbsp;<\/p>\n\n\n\n<p class=\"wp-block-paragraph\">Se i medicinali non vengono conservati secondo le raccomandazioni dei produttori, la data di scadenza potrebbe non essere pi\u00f9 valida. In tal caso, i produttori possono essere esonerati da qualsiasi responsabilit\u00e0 in caso di malfunzionamento del medicinale. <\/p>\n\n\n\n<p class=\"wp-block-paragraph\">La sicurezza e l'efficacia dei medicinali termolabili possono essere notevolmente compromesse se la temperatura scende al di sotto dei 2 \u00b0C o supera gli 8 \u00b0C. <\/p>\n\n\n\n<p class=\"wp-block-paragraph\">Ci\u00f2 pu\u00f2 causare uno spreco evitabile, che comporta una spesa considerevole e che pu\u00f2 essere evitato con adeguati sistemi di conservazione.<\/p>\n\n\n\n<h3 class=\"wp-block-heading\">Il fattore umano nella conservazione di farmaci e vaccini<\/h3>\n\n\n\n<p class=\"wp-block-paragraph\">In qualsiasi ambiente clinico in cui vengano conservati farmaci sensibili alla temperatura, devono esserci persone incaricate della ricezione e della conservazione dei vaccini e dei farmaci termolabili. <\/p>\n\n\n\n<p class=\"wp-block-paragraph\">Inoltre, devono occuparsi del monitoraggio e della registrazione delle temperature delle celle frigorifere farmaceutiche e dei locali in cui sono collocate.<\/p>\n\n\n\n<p class=\"wp-block-paragraph\">La cosa pi\u00f9 importante \u00e8 che i frigoriferi utilizzati per la conservazione dei medicinali debbano essere progettati specificatamente a tale scopo. <\/p>\n\n\n\n<p class=\"wp-block-paragraph\">I frigoriferi domestici standard non possono essere utilizzati per conservare prodotti che richiedono il mantenimento della catena del freddo. I motivi sono molteplici e includono una distribuzione non uniforme della temperatura (dovuta a una circolazione d\u2019aria minima) e un intervallo di funzionamento normale compreso tra 0 \u00b0C e 10 \u00b0C.&nbsp;<\/p>\n\n\n\n<p class=\"wp-block-paragraph\">I frigoriferi per uso medico offrono molto di pi\u00f9 rispetto a un frigorifero standard. Innanzitutto, mantengono una temperatura pi\u00f9 costante, il che \u00e8 di vitale importanza per la conservazione di prodotti delicati, come vaccini e campioni, che potrebbero subire danni a causa delle variazioni di temperatura.&nbsp;<\/p>\n\n\n\n<p class=\"wp-block-paragraph\">Anche i frigoriferi farmaceutici sono dotati di allarmi visivi e acustici per avvisare il personale in caso di eventuali problemi o malfunzionamenti. <\/p>\n\n\n\n<p class=\"wp-block-paragraph\">Questi allarmi possono attivarsi se la porta non \u00e8 completamente chiusa o se la temperatura aumenta o diminuisce in modo imprevisto, consentendo al personale medico di intervenire rapidamente per evitare danni e alterazioni pericolose ai medicinali contenuti al loro interno. Inoltre, i frigoriferi sono dotati di serratura e le porte in vetro consentono di controllare le scorte in modo rapido e semplice.<\/p>\n\n\n\n<h4 class=\"wp-block-heading\">Le dimensioni del frigorifero da farmacia sono importanti<\/h4>\n\n\n\n<p class=\"wp-block-paragraph\">Il frigorifero medico utilizzato deve inoltre avere dimensioni adeguate alla quantit\u00e0 di prodotti da conservare, ovvero deve essere riempito al massimo al 75% della sua capacit\u00e0 per consentire un\u2019adeguata circolazione dell\u2019aria.&nbsp;<\/p>\n\n\n\n<p class=\"wp-block-paragraph\">Deve inoltre essere riservato esclusivamente alla conservazione di vaccini e altri prodotti farmaceutici e non deve essere utilizzato per conservare alimenti, sangue, latte, bevande o qualsiasi altra sostanza che possa rappresentare un rischio di contaminazione.<\/p>\n\n\n\n<p class=\"wp-block-paragraph\">Inoltre, \u00e8 necessario assicurarsi che l'unit\u00e0 di raffreddamento sia collocata in un locale ben ventilato, con una temperatura compresa tra 10 \u00b0C e 25 \u00b0C, lontano dalle finestre che danno sull\u2019esterno e da qualsiasi fonte di calore, ad esempio termosifoni o luce solare diretta, e a una distanza minima di 5-10 cm dalle pareti e da altre unit\u00e0.&nbsp;<\/p>\n\n\n\n<p class=\"wp-block-paragraph\">Per garantirne l'efficacia nel tempo, ogni frigorifero farmaceutico deve essere sottoposto a manutenzione secondo le istruzioni del produttore. Inoltre, il termometro integrato deve essere calibrato separatamente per garantire l'accuratezza delle letture. <\/p>\n\n\n\n<p class=\"wp-block-paragraph\">Infine, il frigorifero medico deve essere pulito regolarmente e le scorte al suo interno devono essere conservate in base alla data di scadenza pi\u00f9 vicina.<\/p>\n\n\n\n<h3 class=\"wp-block-heading\">Il futuro del settore delle celle frigorifere farmaceutiche<\/h3>\n\n\n\n<p class=\"wp-block-paragraph\">Le previsioni del settore indicavano che il settore della catena del freddo per ospedali, centri sanitari, laboratori e farmacie sarebbe cresciuto di quasi il 40% entro la fine del 2020, dato il rapido aumento dei prodotti farmaceutici sensibili alla temperatura.<\/p>\n\n\n\n<p class=\"wp-block-paragraph\">Questa previsione era stata formulata prima dell\u2019arrivo del Covid-19 e dell\u2019introduzione dei vaccini. Ora che i vaccini sono disponibili, l\u2019efficacia dello stoccaggio refrigerato sta assumendo un\u2019importanza fondamentale per evitare di sprecare anche una sola dose e garantire che il pubblico riceva un prodotto in grado di salvare vite umane.&nbsp;<\/p>\n\n\n\n<p class=\"wp-block-paragraph\">La campagna di vaccinazione a livello mondiale si \u00e8 trasformata in un'impresa di produzione in serie di congelatori, armadi frigoriferi e simili, mettendo alla prova le capacit\u00e0 logistiche della catena del freddo. <\/p>\n\n\n\n<p class=\"wp-block-paragraph\">Finch\u00e9 il mondo non raggiunger\u00e0 un numero di persone vaccinate tale da garantirci la tranquillit\u00e0 in tutti i paesi, dovremo confidare nel fatto che i vaccini e i farmaci continuino a essere conservati nel miglior modo possibile.&nbsp;<\/p>\n\n\n\n<h4 class=\"wp-block-heading\">Coreco MedicalLab: Il nostro contributo alla conservazione di farmaci e vaccini<\/h4>\n\n\n\n<p class=\"wp-block-paragraph\">Parte del nostro processo di progettazione delle celle frigorifere, destinate all\u2019uso in laboratori, ospedali o centri sanitari, consiste nel pensare a chi le utilizzer\u00e0 e a ci\u00f2 che conterranno. <\/p>\n\n\n\n<p class=\"wp-block-paragraph\">Per questo motivo utilizziamo materiali e tecnologie che garantiscono temperature molto stabili, proprio per evitare la perdita di medicinali o vaccini.&nbsp;<\/p>\n\n\n\n<p class=\"wp-block-paragraph\">Noi di Coreco MedicalLab ci impegniamo a offrire servizi di consulenza sia ai professionisti che ai clienti. Produciamo armadi refrigerati per uso medico destinati a ogni tipo di struttura sanitaria, quali ospedali, laboratori medici e farmacie.<\/p>\n\n\n\n<p class=\"wp-block-paragraph\">A questo link potete scoprire tutte le<a href=\"https:\/\/medicallab.coreco.es\/it\/certificados-de-calidad\/\" data-type=\"URL\" data-id=\"https:\/\/medicallab.coreco.es\/certificados-de-calidad\/\"> certificazioni e normative<\/a> che soddisfano i nostri frigoriferi della gamma MedicalLab.<\/p>\n\n\n\n<p class=\"wp-block-paragraph\">Contattateci oggi stesso per ricevere ulteriori consigli sulla nostra gamma di armadi refrigerati per uso farmaceutico, da laboratorio e medico.<\/p>\n\n\n\n<p class=\"wp-block-paragraph\">Non esiti a contattarci per scoprire le migliori soluzioni che possiamo offrirle per le sue esigenze di conservazione di farmaci termolabili o vaccini, oppure per quelle dei suoi clienti, se \u00e8 un professionista del settore.<\/p>","protected":false},"excerpt":{"rendered":"<p>Bienvenidos a una nueva entrada del blog. Hoy queremos fijarnos en lo importantes que resultan los frigor\u00edficos farmac\u00e9uticos para evitar [&hellip;]<\/p>\n","protected":false},"author":1,"featured_media":1783,"comment_status":"open","ping_status":"open","sticky":false,"template":"","format":"standard","meta":{"_acf_changed":false,"site-sidebar-layout":"default","site-content-layout":"","ast-site-content-layout":"default","site-content-style":"default","site-sidebar-style":"default","ast-global-header-display":"","ast-banner-title-visibility":"","ast-main-header-display":"","ast-hfb-above-header-display":"","ast-hfb-below-header-display":"","ast-hfb-mobile-header-display":"","site-post-title":"","ast-breadcrumbs-content":"","ast-featured-img":"","footer-sml-layout":"","ast-disable-related-posts":"","theme-transparent-header-meta":"","adv-header-id-meta":"","stick-header-meta":"","header-above-stick-meta":"","header-main-stick-meta":"","header-below-stick-meta":"","astra-migrate-meta-layouts":"default","ast-page-background-enabled":"default","ast-page-background-meta":{"desktop":{"background-color":"var(--ast-global-color-5)","background-image":"","background-repeat":"repeat","background-position":"center center","background-size":"auto","background-attachment":"scroll","background-type":"","background-media":"","overlay-type":"","overlay-color":"","overlay-opacity":"","overlay-gradient":""},"tablet":{"background-color":"","background-image":"","background-repeat":"repeat","background-position":"center center","background-size":"auto","background-attachment":"scroll","background-type":"","background-media":"","overlay-type":"","overlay-color":"","overlay-opacity":"","overlay-gradient":""},"mobile":{"background-color":"","background-image":"","background-repeat":"repeat","background-position":"center center","background-size":"auto","background-attachment":"scroll","background-type":"","background-media":"","overlay-type":"","overlay-color":"","overlay-opacity":"","overlay-gradient":""}},"ast-content-background-meta":{"desktop":{"background-color":"var(--ast-global-color-4)","background-image":"","background-repeat":"repeat","background-position":"center center","background-size":"auto","background-attachment":"scroll","background-type":"","background-media":"","overlay-type":"","overlay-color":"","overlay-opacity":"","overlay-gradient":""},"tablet":{"background-color":"var(--ast-global-color-4)","background-image":"","background-repeat":"repeat","background-position":"center center","background-size":"auto","background-attachment":"scroll","background-type":"","background-media":"","overlay-type":"","overlay-color":"","overlay-opacity":"","overlay-gradient":""},"mobile":{"background-color":"var(--ast-global-color-4)","background-image":"","background-repeat":"repeat","background-position":"center center","background-size":"auto","background-attachment":"scroll","background-type":"","background-media":"","overlay-type":"","overlay-color":"","overlay-opacity":"","overlay-gradient":""}},"footnotes":""},"categories":[9],"tags":[],"class_list":["post-1742","post","type-post","status-publish","format-standard","has-post-thumbnail","hentry","category-sin-categoria"],"acf":[],"yoast_head":"<!-- This site is optimized with the Yoast SEO Premium plugin v28.1 (Yoast SEO v28.1) - https:\/\/yoast.com\/product\/yoast-seo-premium-wordpress\/ -->\n<title>Frigor\u00edficos farmac\u00e9uticos para evitar perder medicamentos | Medical Lab<\/title>\n<meta name=\"description\" content=\"Cualquier establecimiento sanitario, deber\u00eda usar frigor\u00edficos farmac\u00e9uticos para evitar perder medicamentos. Explicamos como en Coreco Medical Lab.\" \/>\n<meta name=\"robots\" content=\"index, follow, max-snippet:-1, max-image-preview:large, max-video-preview:-1\" \/>\n<link rel=\"canonical\" href=\"https:\/\/medicallab.coreco.es\/it\/frigoriferi-farmaceutici-per-evitare-la-perdita-di-medicinali\/\" \/>\n<meta property=\"og:locale\" content=\"it_IT\" \/>\n<meta property=\"og:type\" content=\"article\" \/>\n<meta property=\"og:title\" content=\"Frigor\u00edficos farmac\u00e9uticos para evitar perder medicamentos\" \/>\n<meta property=\"og:description\" content=\"Cualquier establecimiento sanitario, deber\u00eda usar frigor\u00edficos farmac\u00e9uticos para evitar perder medicamentos. Explicamos como en Coreco Medical Lab.\" \/>\n<meta property=\"og:url\" content=\"https:\/\/medicallab.coreco.es\/it\/frigoriferi-farmaceutici-per-evitare-la-perdita-di-medicinali\/\" \/>\n<meta property=\"og:site_name\" content=\"Medical Lab\" \/>\n<meta property=\"article:published_time\" content=\"2021-05-24T16:07:28+00:00\" \/>\n<meta property=\"article:modified_time\" content=\"2026-07-01T15:45:35+00:00\" \/>\n<meta property=\"og:image\" content=\"https:\/\/medical2026.3wstudiopro.com\/wp-content\/uploads\/2026\/07\/close-up-test-tube-in-the-hands-of-the-scientist.jpg_2K_202607011705.webp\" \/>\n\t<meta property=\"og:image:width\" content=\"1920\" \/>\n\t<meta property=\"og:image:height\" content=\"1072\" \/>\n\t<meta property=\"og:image:type\" content=\"image\/webp\" \/>\n<meta name=\"author\" content=\"jesus\" \/>\n<meta name=\"twitter:card\" content=\"summary_large_image\" \/>\n<meta name=\"twitter:label1\" content=\"Scritto da\" \/>\n\t<meta name=\"twitter:data1\" content=\"jesus\" \/>\n\t<meta name=\"twitter:label2\" content=\"Tempo di lettura stimato\" \/>\n\t<meta name=\"twitter:data2\" content=\"8 minuti\" \/>\n<script type=\"application\/ld+json\" class=\"yoast-schema-graph\">{\"@context\":\"https:\\\/\\\/schema.org\",\"@graph\":[{\"@type\":\"Article\",\"@id\":\"https:\\\/\\\/medicallab.coreco.es\\\/frigorificos-farmaceuticos-para-evitar-perder-medicamentos\\\/#article\",\"isPartOf\":{\"@id\":\"https:\\\/\\\/medicallab.coreco.es\\\/frigorificos-farmaceuticos-para-evitar-perder-medicamentos\\\/\"},\"author\":{\"name\":\"jesus\",\"@id\":\"https:\\\/\\\/medicallab.coreco.es\\\/#\\\/schema\\\/person\\\/101ce523c59b70675314a1bb9e262938\"},\"headline\":\"Frigor\u00edficos farmac\u00e9uticos para evitar perder medicamentos\",\"datePublished\":\"2021-05-24T16:07:28+00:00\",\"dateModified\":\"2026-07-01T15:45:35+00:00\",\"mainEntityOfPage\":{\"@id\":\"https:\\\/\\\/medicallab.coreco.es\\\/frigorificos-farmaceuticos-para-evitar-perder-medicamentos\\\/\"},\"wordCount\":1671,\"commentCount\":0,\"publisher\":{\"@id\":\"https:\\\/\\\/medicallab.coreco.es\\\/#organization\"},\"image\":{\"@id\":\"https:\\\/\\\/medicallab.coreco.es\\\/frigorificos-farmaceuticos-para-evitar-perder-medicamentos\\\/#primaryimage\"},\"thumbnailUrl\":\"https:\\\/\\\/medicallab.coreco.es\\\/wp-content\\\/uploads\\\/2026\\\/07\\\/close-up-test-tube-in-the-hands-of-the-scientist.jpg_2K_202607011705.webp\",\"articleSection\":[\"Sin categor\u00eda\"],\"inLanguage\":\"it-IT\",\"potentialAction\":[{\"@type\":\"CommentAction\",\"name\":\"Comment\",\"target\":[\"https:\\\/\\\/medicallab.coreco.es\\\/frigorificos-farmaceuticos-para-evitar-perder-medicamentos\\\/#respond\"]}]},{\"@type\":\"WebPage\",\"@id\":\"https:\\\/\\\/medicallab.coreco.es\\\/frigorificos-farmaceuticos-para-evitar-perder-medicamentos\\\/\",\"url\":\"https:\\\/\\\/medicallab.coreco.es\\\/frigorificos-farmaceuticos-para-evitar-perder-medicamentos\\\/\",\"name\":\"Frigor\u00edficos farmac\u00e9uticos para evitar perder medicamentos | Medical Lab\",\"isPartOf\":{\"@id\":\"https:\\\/\\\/medicallab.coreco.es\\\/#website\"},\"primaryImageOfPage\":{\"@id\":\"https:\\\/\\\/medicallab.coreco.es\\\/frigorificos-farmaceuticos-para-evitar-perder-medicamentos\\\/#primaryimage\"},\"image\":{\"@id\":\"https:\\\/\\\/medicallab.coreco.es\\\/frigorificos-farmaceuticos-para-evitar-perder-medicamentos\\\/#primaryimage\"},\"thumbnailUrl\":\"https:\\\/\\\/medicallab.coreco.es\\\/wp-content\\\/uploads\\\/2026\\\/07\\\/close-up-test-tube-in-the-hands-of-the-scientist.jpg_2K_202607011705.webp\",\"datePublished\":\"2021-05-24T16:07:28+00:00\",\"dateModified\":\"2026-07-01T15:45:35+00:00\",\"description\":\"Cualquier establecimiento sanitario, deber\u00eda usar frigor\u00edficos farmac\u00e9uticos para evitar perder medicamentos. Explicamos como en Coreco Medical Lab.\",\"breadcrumb\":{\"@id\":\"https:\\\/\\\/medicallab.coreco.es\\\/frigorificos-farmaceuticos-para-evitar-perder-medicamentos\\\/#breadcrumb\"},\"inLanguage\":\"it-IT\",\"potentialAction\":[{\"@type\":\"ReadAction\",\"target\":[\"https:\\\/\\\/medicallab.coreco.es\\\/frigorificos-farmaceuticos-para-evitar-perder-medicamentos\\\/\"]}]},{\"@type\":\"ImageObject\",\"inLanguage\":\"it-IT\",\"@id\":\"https:\\\/\\\/medicallab.coreco.es\\\/frigorificos-farmaceuticos-para-evitar-perder-medicamentos\\\/#primaryimage\",\"url\":\"https:\\\/\\\/medicallab.coreco.es\\\/wp-content\\\/uploads\\\/2026\\\/07\\\/close-up-test-tube-in-the-hands-of-the-scientist.jpg_2K_202607011705.webp\",\"contentUrl\":\"https:\\\/\\\/medicallab.coreco.es\\\/wp-content\\\/uploads\\\/2026\\\/07\\\/close-up-test-tube-in-the-hands-of-the-scientist.jpg_2K_202607011705.webp\",\"width\":1920,\"height\":1072},{\"@type\":\"BreadcrumbList\",\"@id\":\"https:\\\/\\\/medicallab.coreco.es\\\/frigorificos-farmaceuticos-para-evitar-perder-medicamentos\\\/#breadcrumb\",\"itemListElement\":[{\"@type\":\"ListItem\",\"position\":1,\"name\":\"Portada\",\"item\":\"https:\\\/\\\/medicallab.coreco.es\\\/\"},{\"@type\":\"ListItem\",\"position\":2,\"name\":\"Frigor\u00edficos farmac\u00e9uticos para evitar perder medicamentos\"}]},{\"@type\":\"WebSite\",\"@id\":\"https:\\\/\\\/medicallab.coreco.es\\\/#website\",\"url\":\"https:\\\/\\\/medicallab.coreco.es\\\/\",\"name\":\"CORECO Medical Lab\",\"description\":\"Medical Lab\",\"publisher\":{\"@id\":\"https:\\\/\\\/medicallab.coreco.es\\\/#organization\"},\"alternateName\":\"CORECO Medical Lab\",\"potentialAction\":[{\"@type\":\"SearchAction\",\"target\":{\"@type\":\"EntryPoint\",\"urlTemplate\":\"https:\\\/\\\/medicallab.coreco.es\\\/?s={search_term_string}\"},\"query-input\":{\"@type\":\"PropertyValueSpecification\",\"valueRequired\":true,\"valueName\":\"search_term_string\"}}],\"inLanguage\":\"it-IT\"},{\"@type\":\"Organization\",\"@id\":\"https:\\\/\\\/medicallab.coreco.es\\\/#organization\",\"name\":\"CORECO Medical Lab\",\"url\":\"https:\\\/\\\/medicallab.coreco.es\\\/\",\"logo\":{\"@type\":\"ImageObject\",\"inLanguage\":\"it-IT\",\"@id\":\"https:\\\/\\\/medicallab.coreco.es\\\/#\\\/schema\\\/logo\\\/image\\\/\",\"url\":\"https:\\\/\\\/medicallab.coreco.es\\\/wp-content\\\/uploads\\\/2026\\\/03\\\/cropped-FAVICON.webp\",\"contentUrl\":\"https:\\\/\\\/medicallab.coreco.es\\\/wp-content\\\/uploads\\\/2026\\\/03\\\/cropped-FAVICON.webp\",\"width\":512,\"height\":512,\"caption\":\"CORECO Medical Lab\"},\"image\":{\"@id\":\"https:\\\/\\\/medicallab.coreco.es\\\/#\\\/schema\\\/logo\\\/image\\\/\"},\"description\":\"CORECO es una empresa fundada en 1986 dedicada al desarrollo y fabricaci\u00f3n de equipamiento para el amplio mercado hostelero. A lo largo de su historia, se ha caracterizado por una continua evoluci\u00f3n tecnol\u00f3gica y un gran crecimiento empresarial enfocado en ofrecer opciones eficaces y con garant\u00edas a los clientes m\u00e1s exigentes. Puntos clave de la empresa:Enfoque Ecol\u00f3gico y Eficiente: Sus productos est\u00e1n dise\u00f1ados para tener una gran eficiencia energ\u00e9tica, ser respetuosos con la conservaci\u00f3n del medio ambiente y ayudar al usuario final a reducir los costes de uso y mantenimiento. Calidad Certificada: Cuentan con procesos de fabricaci\u00f3n certificados bajo la norma internacional ISO 14001 y someten sus equipos a estrictos procesos de ensayo acordes a las directivas y regulaciones internacionales. Tecnolog\u00eda Avanzada: En la fabricaci\u00f3n de sus equipos emplean componentes de alto rendimiento, entre los que destacan:Refrigerantes hidrocarburos (R290 y R600a). Gesti\u00f3n electr\u00f3nica para el control de temperatura, descarches y condensaci\u00f3n. Aislamiento de poliuretano de alta densidad (40 Kg\\\/m\u00b3). Compresores, ventiladores de alto rendimiento e iluminaci\u00f3n LED.Puertas de cristal con tratamientos bajo-emisivos y barreras t\u00e9rmicas por gas inerte.\",\"email\":\"info@coreco.es\",\"telephone\":\"+34 957 50 22 75\",\"legalName\":\"CORECO S.A.\"},{\"@type\":\"Person\",\"@id\":\"https:\\\/\\\/medicallab.coreco.es\\\/#\\\/schema\\\/person\\\/101ce523c59b70675314a1bb9e262938\",\"name\":\"jesus\",\"image\":{\"@type\":\"ImageObject\",\"inLanguage\":\"it-IT\",\"@id\":\"https:\\\/\\\/medicallab.coreco.es\\\/wp-content\\\/litespeed\\\/avatar\\\/653694bef48abce83a847738b36d597a.jpg?ver=1787676785\",\"url\":\"https:\\\/\\\/medicallab.coreco.es\\\/wp-content\\\/litespeed\\\/avatar\\\/653694bef48abce83a847738b36d597a.jpg?ver=1787676785\",\"contentUrl\":\"https:\\\/\\\/medicallab.coreco.es\\\/wp-content\\\/litespeed\\\/avatar\\\/653694bef48abce83a847738b36d597a.jpg?ver=1787676785\",\"caption\":\"jesus\"},\"sameAs\":[\"https:\\\/\\\/medicallab.coreco.es\"],\"url\":\"https:\\\/\\\/medicallab.coreco.es\\\/it\\\/author\\\/jesus\\\/\"}]}<\/script>\n<!-- \/ Yoast SEO Premium plugin. -->","yoast_head_json":{"title":"Celle frigorifere farmaceutiche per evitare la perdita di medicinali | Medical Lab","description":"Qualsiasi struttura sanitaria dovrebbe utilizzare frigoriferi farmaceutici per evitare la perdita di medicinali. Vi spieghiamo come farlo presso Coreco Medical Lab.","robots":{"index":"index","follow":"follow","max-snippet":"max-snippet:-1","max-image-preview":"max-image-preview:large","max-video-preview":"max-video-preview:-1"},"canonical":"https:\/\/medicallab.coreco.es\/it\/frigoriferi-farmaceutici-per-evitare-la-perdita-di-medicinali\/","og_locale":"it_IT","og_type":"article","og_title":"Frigor\u00edficos farmac\u00e9uticos para evitar perder medicamentos","og_description":"Cualquier establecimiento sanitario, deber\u00eda usar frigor\u00edficos farmac\u00e9uticos para evitar perder medicamentos. Explicamos como en Coreco Medical Lab.","og_url":"https:\/\/medicallab.coreco.es\/it\/frigoriferi-farmaceutici-per-evitare-la-perdita-di-medicinali\/","og_site_name":"Medical Lab","article_published_time":"2021-05-24T16:07:28+00:00","article_modified_time":"2026-07-01T15:45:35+00:00","og_image":[{"width":1920,"height":1072,"url":"https:\/\/medical2026.3wstudiopro.com\/wp-content\/uploads\/2026\/07\/close-up-test-tube-in-the-hands-of-the-scientist.jpg_2K_202607011705.webp","type":"image\/webp"}],"author":"jesus","twitter_card":"summary_large_image","twitter_misc":{"Scritto da":"jesus","Tempo di lettura stimato":"8 minuti"},"schema":{"@context":"https:\/\/schema.org","@graph":[{"@type":"Article","@id":"https:\/\/medicallab.coreco.es\/frigorificos-farmaceuticos-para-evitar-perder-medicamentos\/#article","isPartOf":{"@id":"https:\/\/medicallab.coreco.es\/frigorificos-farmaceuticos-para-evitar-perder-medicamentos\/"},"author":{"name":"jesus","@id":"https:\/\/medicallab.coreco.es\/#\/schema\/person\/101ce523c59b70675314a1bb9e262938"},"headline":"Frigor\u00edficos farmac\u00e9uticos para evitar perder medicamentos","datePublished":"2021-05-24T16:07:28+00:00","dateModified":"2026-07-01T15:45:35+00:00","mainEntityOfPage":{"@id":"https:\/\/medicallab.coreco.es\/frigorificos-farmaceuticos-para-evitar-perder-medicamentos\/"},"wordCount":1671,"commentCount":0,"publisher":{"@id":"https:\/\/medicallab.coreco.es\/#organization"},"image":{"@id":"https:\/\/medicallab.coreco.es\/frigorificos-farmaceuticos-para-evitar-perder-medicamentos\/#primaryimage"},"thumbnailUrl":"https:\/\/medicallab.coreco.es\/wp-content\/uploads\/2026\/07\/close-up-test-tube-in-the-hands-of-the-scientist.jpg_2K_202607011705.webp","articleSection":["Sin categor\u00eda"],"inLanguage":"it-IT","potentialAction":[{"@type":"CommentAction","name":"Comment","target":["https:\/\/medicallab.coreco.es\/frigorificos-farmaceuticos-para-evitar-perder-medicamentos\/#respond"]}]},{"@type":"WebPage","@id":"https:\/\/medicallab.coreco.es\/frigorificos-farmaceuticos-para-evitar-perder-medicamentos\/","url":"https:\/\/medicallab.coreco.es\/frigorificos-farmaceuticos-para-evitar-perder-medicamentos\/","name":"Celle frigorifere farmaceutiche per evitare la perdita di medicinali | Medical Lab","isPartOf":{"@id":"https:\/\/medicallab.coreco.es\/#website"},"primaryImageOfPage":{"@id":"https:\/\/medicallab.coreco.es\/frigorificos-farmaceuticos-para-evitar-perder-medicamentos\/#primaryimage"},"image":{"@id":"https:\/\/medicallab.coreco.es\/frigorificos-farmaceuticos-para-evitar-perder-medicamentos\/#primaryimage"},"thumbnailUrl":"https:\/\/medicallab.coreco.es\/wp-content\/uploads\/2026\/07\/close-up-test-tube-in-the-hands-of-the-scientist.jpg_2K_202607011705.webp","datePublished":"2021-05-24T16:07:28+00:00","dateModified":"2026-07-01T15:45:35+00:00","description":"Qualsiasi struttura sanitaria dovrebbe utilizzare frigoriferi farmaceutici per evitare la perdita di medicinali. Vi spieghiamo come farlo presso Coreco Medical Lab.","breadcrumb":{"@id":"https:\/\/medicallab.coreco.es\/frigorificos-farmaceuticos-para-evitar-perder-medicamentos\/#breadcrumb"},"inLanguage":"it-IT","potentialAction":[{"@type":"ReadAction","target":["https:\/\/medicallab.coreco.es\/frigorificos-farmaceuticos-para-evitar-perder-medicamentos\/"]}]},{"@type":"ImageObject","inLanguage":"it-IT","@id":"https:\/\/medicallab.coreco.es\/frigorificos-farmaceuticos-para-evitar-perder-medicamentos\/#primaryimage","url":"https:\/\/medicallab.coreco.es\/wp-content\/uploads\/2026\/07\/close-up-test-tube-in-the-hands-of-the-scientist.jpg_2K_202607011705.webp","contentUrl":"https:\/\/medicallab.coreco.es\/wp-content\/uploads\/2026\/07\/close-up-test-tube-in-the-hands-of-the-scientist.jpg_2K_202607011705.webp","width":1920,"height":1072},{"@type":"BreadcrumbList","@id":"https:\/\/medicallab.coreco.es\/frigorificos-farmaceuticos-para-evitar-perder-medicamentos\/#breadcrumb","itemListElement":[{"@type":"ListItem","position":1,"name":"Portada","item":"https:\/\/medicallab.coreco.es\/"},{"@type":"ListItem","position":2,"name":"Frigor\u00edficos farmac\u00e9uticos para evitar perder medicamentos"}]},{"@type":"WebSite","@id":"https:\/\/medicallab.coreco.es\/#website","url":"https:\/\/medicallab.coreco.es\/","name":"CORECO Medical Lab","description":"Laboratorio medico","publisher":{"@id":"https:\/\/medicallab.coreco.es\/#organization"},"alternateName":"CORECO Medical Lab","potentialAction":[{"@type":"SearchAction","target":{"@type":"EntryPoint","urlTemplate":"https:\/\/medicallab.coreco.es\/?s={search_term_string}"},"query-input":{"@type":"PropertyValueSpecification","valueRequired":true,"valueName":"search_term_string"}}],"inLanguage":"it-IT"},{"@type":"Organization","@id":"https:\/\/medicallab.coreco.es\/#organization","name":"CORECO Medical Lab","url":"https:\/\/medicallab.coreco.es\/","logo":{"@type":"ImageObject","inLanguage":"it-IT","@id":"https:\/\/medicallab.coreco.es\/#\/schema\/logo\/image\/","url":"https:\/\/medicallab.coreco.es\/wp-content\/uploads\/2026\/03\/cropped-FAVICON.webp","contentUrl":"https:\/\/medicallab.coreco.es\/wp-content\/uploads\/2026\/03\/cropped-FAVICON.webp","width":512,"height":512,"caption":"CORECO Medical Lab"},"image":{"@id":"https:\/\/medicallab.coreco.es\/#\/schema\/logo\/image\/"},"description":"CORECO \u00e8 un\u2019azienda fondata nel 1986, specializzata nello sviluppo e nella produzione di attrezzature per l\u2019ampio mercato della ristorazione. Nel corso della sua storia, si \u00e8 contraddistinta per una continua evoluzione tecnologica e una forte crescita aziendale, orientata a offrire soluzioni efficaci e affidabili ai clienti pi\u00f9 esigenti. Punti chiave dell\u2019azienda: Approccio ecologico ed efficiente: i suoi prodotti sono progettati per garantire un\u2019elevata efficienza energetica, rispettare la tutela dell\u2019ambiente e aiutare l\u2019utente finale a ridurre i costi di utilizzo e manutenzione. Qualit\u00e0 certificata: i processi di produzione sono certificati secondo la norma internazionale ISO 14001 e le apparecchiature sono sottoposte a rigorosi processi di collaudo conformi alle direttive e alle normative internazionali. Tecnologia avanzata: nella produzione delle proprie apparecchiature vengono utilizzati componenti ad alte prestazioni, tra cui spiccano: refrigeranti a base di idrocarburi (R290 e R600a); gestione elettronica per il controllo della temperatura, dello sbrinamento e della condensazione. Isolamento in poliuretano ad alta densit\u00e0 (40 kg\/m\u00b3). Compressori, ventilatori ad alte prestazioni e illuminazione a LED. Porte in vetro con trattamenti a bassa emissivit\u00e0 e barriere termiche a gas inerte.","email":"info@coreco.es","telephone":"+34 957 50 22 75","legalName":"CORECO S.A."},{"@type":"Person","@id":"https:\/\/medicallab.coreco.es\/#\/schema\/person\/101ce523c59b70675314a1bb9e262938","name":"Ges\u00f9","image":{"@type":"ImageObject","inLanguage":"it-IT","@id":"https:\/\/medicallab.coreco.es\/wp-content\/litespeed\/avatar\/653694bef48abce83a847738b36d597a.jpg?ver=1787676785","url":"https:\/\/medicallab.coreco.es\/wp-content\/litespeed\/avatar\/653694bef48abce83a847738b36d597a.jpg?ver=1787676785","contentUrl":"https:\/\/medicallab.coreco.es\/wp-content\/litespeed\/avatar\/653694bef48abce83a847738b36d597a.jpg?ver=1787676785","caption":"jesus"},"sameAs":["https:\/\/medicallab.coreco.es"],"url":"https:\/\/medicallab.coreco.es\/it\/author\/jesus\/"}]}},"_links":{"self":[{"href":"https:\/\/medicallab.coreco.es\/it\/wp-json\/wp\/v2\/posts\/1742","targetHints":{"allow":["GET"]}}],"collection":[{"href":"https:\/\/medicallab.coreco.es\/it\/wp-json\/wp\/v2\/posts"}],"about":[{"href":"https:\/\/medicallab.coreco.es\/it\/wp-json\/wp\/v2\/types\/post"}],"author":[{"embeddable":true,"href":"https:\/\/medicallab.coreco.es\/it\/wp-json\/wp\/v2\/users\/1"}],"replies":[{"embeddable":true,"href":"https:\/\/medicallab.coreco.es\/it\/wp-json\/wp\/v2\/comments?post=1742"}],"version-history":[{"count":1,"href":"https:\/\/medicallab.coreco.es\/it\/wp-json\/wp\/v2\/posts\/1742\/revisions"}],"predecessor-version":[{"id":1759,"href":"https:\/\/medicallab.coreco.es\/it\/wp-json\/wp\/v2\/posts\/1742\/revisions\/1759"}],"wp:featuredmedia":[{"embeddable":true,"href":"https:\/\/medicallab.coreco.es\/it\/wp-json\/wp\/v2\/media\/1783"}],"wp:attachment":[{"href":"https:\/\/medicallab.coreco.es\/it\/wp-json\/wp\/v2\/media?parent=1742"}],"wp:term":[{"taxonomy":"category","embeddable":true,"href":"https:\/\/medicallab.coreco.es\/it\/wp-json\/wp\/v2\/categories?post=1742"},{"taxonomy":"post_tag","embeddable":true,"href":"https:\/\/medicallab.coreco.es\/it\/wp-json\/wp\/v2\/tags?post=1742"}],"curies":[{"name":"wp","href":"https:\/\/api.w.org\/{rel}","templated":true}]}}