{"id":1750,"date":"2021-02-01T10:20:40","date_gmt":"2021-02-01T10:20:40","guid":{"rendered":"http:\/\/medicallab.coreco.es\/?p=1527"},"modified":"2026-07-01T15:55:07","modified_gmt":"2026-07-01T15:55:07","slug":"elements-cles-a-prendre-en-compte-lors-de-lachat-dun-refrigerateur-de-laboratoire","status":"publish","type":"post","link":"https:\/\/medicallab.coreco.es\/fr\/aspectos-clave-para-comprar-un-frigorifico-de-laboratorio\/","title":{"rendered":"\u00c9l\u00e9ments cl\u00e9s \u00e0 prendre en compte lors de l'achat d'un r\u00e9frig\u00e9rateur de laboratoire"},"content":{"rendered":"<p class=\"wp-block-paragraph\">Bienvenue \u00e0 nouveau sur notre blog. Aujourd'hui, nous allons aborder certains aspects essentiels qui nous seront utiles au moment d'acheter un r\u00e9frig\u00e9rateur de laboratoire.<\/p>\n\n\n\n<p class=\"wp-block-paragraph\">Choisir le meilleur \u00e9quipement de r\u00e9frig\u00e9ration adapt\u00e9 \u00e0 vos besoins est essentiel lorsque l'on dirige un laboratoire effectuant des tests ou des exp\u00e9riences sur des \u00e9chantillons. De nombreux \u00e9chantillons m\u00e9dicaux sont sensibles \u00e0 la temp\u00e9rature et \u00e0 d\u2019autres facteurs environnementaux, et deviennent inutilisables s\u2019ils ne sont pas conserv\u00e9s dans de bonnes conditions. Si vous dirigez un laboratoire m\u00e9dical, un r\u00e9frig\u00e9rateur de laboratoire m\u00e9dical est indispensable pour conserver en toute s\u00e9curit\u00e9 les \u00e9chantillons que vous devez analyser.<\/p>\n\n\n\n<p class=\"wp-block-paragraph\">Il ne suffit pas de conserver les \u00e9chantillons au frais. Un r\u00e9frig\u00e9rateur de laboratoire ne se contente pas de maintenir les aliments au frais : il peut maintenir les temp\u00e9ratures dans une plage tr\u00e8s pr\u00e9cise, emp\u00eacher la contamination de vos \u00e9chantillons et offrir d'autres fonctionnalit\u00e9s sp\u00e9cialis\u00e9es dont votre laboratoire a besoin.<\/p>\n\n\n\n<p class=\"wp-block-paragraph\">Choisir un r\u00e9frig\u00e9rateur pour votre laboratoire n\u2019est pas aussi simple qu\u2019on pourrait le croire. De nombreux r\u00e9frig\u00e9rateurs de laboratoire remplissent des fonctions sp\u00e9cifiques qui ne correspondent peut-\u00eatre pas \u00e0 vos besoins. Avant de faire un achat dont vous n\u2019avez pas besoin, vous devez d\u00e9terminer exactement ce que vous recherchez.&nbsp;<\/p>\n\n\n\n<p class=\"wp-block-paragraph\">Voici quelques questions que vous devriez vous poser avant de commencer \u00e0 chercher un r\u00e9frig\u00e9rateur de laboratoire.&nbsp;<\/p>\n\n\n\n<h3 class=\"wp-block-heading\">De quelle capacit\u00e9 de stockage ai-je besoin ?<\/h3>\n\n\n\n<p class=\"wp-block-paragraph\">Il est important de savoir combien d'\u00e9chantillons vous devrez stocker dans votre r\u00e9frig\u00e9rateur de laboratoire. Les plus grandes capacit\u00e9s vous permettent de pr\u00e9lever davantage d'\u00e9chantillons \u00e0 la fois, mais peuvent entra\u00eener des co\u00fbts d'exploitation plus \u00e9lev\u00e9s.<\/p>\n\n\n\n<p class=\"wp-block-paragraph\">Vous devrez \u00e9galement d\u00e9terminer la taille du cong\u00e9lateur que vous pouvez installer dans le laboratoire. Les salles de laboratoire sont g\u00e9n\u00e9ralement remplies de divers \u00e9quipements, et il se peut que vous n'ayez pas la place pour un r\u00e9frig\u00e9rateur ou un cong\u00e9lateur de laboratoire. Dans ce cas, nous vous recommandons d'opter pour deux r\u00e9frig\u00e9rateurs plus petits, qui vous permettront d'atteindre la capacit\u00e9 de stockage n\u00e9cessaire tout en \u00e9tant plus faciles \u00e0 installer dans la pi\u00e8ce.\u00a0<\/p>\n\n\n\n<p class=\"wp-block-paragraph\">Un autre facteur \u00e0 prendre en compte est le transport du nouveau r\u00e9frig\u00e9rateur jusqu'au laboratoire. Un cong\u00e9lateur de laboratoire \u00e0 3 portes n'est pas un appareil de petite taille ; vous devrez donc vous assurer de disposer d'un acc\u00e8s suffisant pour installer votre nouvel appareil.<\/p>\n\n\n\n<h3 class=\"wp-block-heading\">Ai-je besoin d'un syst\u00e8me de contr\u00f4le ?<\/h3>\n\n\n\n<p class=\"wp-block-paragraph\">La n\u00e9cessit\u00e9 d'un syst\u00e8me de contr\u00f4le de la temp\u00e9rature d\u00e9pend de la sensibilit\u00e9 de vos \u00e9chantillons aux variations de temp\u00e9rature. Si vos \u00e9chantillons doivent \u00eatre conserv\u00e9s \u00e0 des temp\u00e9ratures pr\u00e9cises, disposer d'un syst\u00e8me de contr\u00f4le et d'alarmes peut faire la diff\u00e9rence entre un \u00e9chantillon frais et utilisable et un \u00e9chantillon alt\u00e9r\u00e9.<\/p>\n\n\n\n<p class=\"wp-block-paragraph\">Les syst\u00e8mes de contr\u00f4le des r\u00e9frig\u00e9rateurs de laboratoire sont g\u00e9n\u00e9ralement un peu plus chers ; par cons\u00e9quent, si vous ne pr\u00e9voyez pas de devoir stocker des \u00e9chantillons tr\u00e8s sensibles \u00e0 la temp\u00e9rature, un r\u00e9frig\u00e9rateur de laboratoire sans syst\u00e8me de contr\u00f4le peut tout \u00e0 fait r\u00e9pondre \u00e0 vos besoins. En revanche, si vous ne savez pas encore quels \u00e9chantillons votre laboratoire devra traiter, investir dans un syst\u00e8me de contr\u00f4le est une bonne id\u00e9e.&nbsp;<\/p>\n\n\n\n<h3 class=\"wp-block-heading\">Quels sont mes besoins en mati\u00e8re de temp\u00e9rature ?<\/h3>\n\n\n\n<p class=\"wp-block-paragraph\">Les r\u00e9frig\u00e9rateurs de laboratoire sont con\u00e7us pour maintenir la temp\u00e9rature interne dans une plage sp\u00e9cifique. Vous devrez choisir un r\u00e9frig\u00e9rateur capable de r\u00e9pondre \u00e0 toutes les exigences de vos \u00e9chantillons : apr\u00e8s tout, c'est l\u00e0 l'objectif d'un r\u00e9frig\u00e9rateur de laboratoire sp\u00e9cialis\u00e9. Les diff\u00e9rents mod\u00e8les de r\u00e9frig\u00e9rateurs de laboratoire conviennent mieux \u00e0 certains types d'\u00e9chantillons qu'\u00e0 d'autres ; il est donc essentiel d'en choisir un qui r\u00e9ponde \u00e0 vos besoins.&nbsp;<\/p>\n\n\n\n<p class=\"wp-block-paragraph\">Si vous pensez devoir stocker diff\u00e9rents types d'\u00e9chantillons, optez pour un combin\u00e9 r\u00e9frig\u00e9rateur-cong\u00e9lateur de laboratoire, qui offre une large gamme de temp\u00e9ratures internes parmi lesquelles vous pouvez choisir selon vos besoins.&nbsp;<\/p>\n\n\n\n<h2 class=\"wp-block-heading\">Achetez vos r\u00e9frig\u00e9rateurs de laboratoire chez Coreco MedicalLab<\/h2>\n\n\n\n<p class=\"wp-block-paragraph\">Si vous recherchez un r\u00e9frig\u00e9rateur de laboratoire de haute qualit\u00e9 capable de maintenir les \u00e9chantillons stock\u00e9s \u00e0 leur temp\u00e9rature optimale, n\u2019h\u00e9sitez pas \u00e0 demander conseil \u00e0 nos sp\u00e9cialistes. Ils se feront un plaisir de vous accueillir personnellement. Si vous nous communiquez vos coordonn\u00e9es<a href=\"https:\/\/medicallab.coreco.es\/fr\/contact\/\" data-type=\"URL\" data-id=\"https:\/\/medicallab.coreco.es\/contact\/\"> sur ce lien,<\/a> Nous vous appellerons d\u00e8s que possible<\/p>\n\n\n\n<p class=\"wp-block-paragraph\">Chez Coreco, nous avons plus de <a href=\"https:\/\/coreco.es\/empresa\/\" data-type=\"URL\" data-id=\"https:\/\/coreco.es\/empresa\/\">35 ans d'exp\u00e9rience<\/a> dans la fabrication de syst\u00e8mes de r\u00e9frig\u00e9ration industrielle. Notre garantie constructeur de 2 ans vous assure une enti\u00e8re satisfaction vis-\u00e0-vis de nos produits, d\u2019autant plus que nos prix sont tr\u00e8s raisonnables. Si vous souhaitez en savoir plus, n\u2019h\u00e9sitez pas \u00e0 nous contacter d\u00e8s aujourd\u2019hui.\u00a0<\/p>","protected":false},"excerpt":{"rendered":"<p>Bienvenidos de nuevo a nuestro blog. Hoy vamos a abordar algunos aspectos clave que nos van a ser \u00fatiles a [&hellip;]<\/p>\n","protected":false},"author":1,"featured_media":1782,"comment_status":"open","ping_status":"open","sticky":false,"template":"","format":"standard","meta":{"_acf_changed":false,"site-sidebar-layout":"default","site-content-layout":"","ast-site-content-layout":"default","site-content-style":"default","site-sidebar-style":"default","ast-global-header-display":"","ast-banner-title-visibility":"","ast-main-header-display":"","ast-hfb-above-header-display":"","ast-hfb-below-header-display":"","ast-hfb-mobile-header-display":"","site-post-title":"","ast-breadcrumbs-content":"","ast-featured-img":"","footer-sml-layout":"","ast-disable-related-posts":"","theme-transparent-header-meta":"","adv-header-id-meta":"","stick-header-meta":"","header-above-stick-meta":"","header-main-stick-meta":"","header-below-stick-meta":"","astra-migrate-meta-layouts":"default","ast-page-background-enabled":"default","ast-page-background-meta":{"desktop":{"background-color":"var(--ast-global-color-5)","background-image":"","background-repeat":"repeat","background-position":"center center","background-size":"auto","background-attachment":"scroll","background-type":"","background-media":"","overlay-type":"","overlay-color":"","overlay-opacity":"","overlay-gradient":""},"tablet":{"background-color":"","background-image":"","background-repeat":"repeat","background-position":"center center","background-size":"auto","background-attachment":"scroll","background-type":"","background-media":"","overlay-type":"","overlay-color":"","overlay-opacity":"","overlay-gradient":""},"mobile":{"background-color":"","background-image":"","background-repeat":"repeat","background-position":"center center","background-size":"auto","background-attachment":"scroll","background-type":"","background-media":"","overlay-type":"","overlay-color":"","overlay-opacity":"","overlay-gradient":""}},"ast-content-background-meta":{"desktop":{"background-color":"var(--ast-global-color-4)","background-image":"","background-repeat":"repeat","background-position":"center center","background-size":"auto","background-attachment":"scroll","background-type":"","background-media":"","overlay-type":"","overlay-color":"","overlay-opacity":"","overlay-gradient":""},"tablet":{"background-color":"var(--ast-global-color-4)","background-image":"","background-repeat":"repeat","background-position":"center center","background-size":"auto","background-attachment":"scroll","background-type":"","background-media":"","overlay-type":"","overlay-color":"","overlay-opacity":"","overlay-gradient":""},"mobile":{"background-color":"var(--ast-global-color-4)","background-image":"","background-repeat":"repeat","background-position":"center center","background-size":"auto","background-attachment":"scroll","background-type":"","background-media":"","overlay-type":"","overlay-color":"","overlay-opacity":"","overlay-gradient":""}},"footnotes":""},"categories":[9],"tags":[],"class_list":["post-1750","post","type-post","status-publish","format-standard","has-post-thumbnail","hentry","category-sin-categoria"],"acf":[],"yoast_head":"<!-- This site is optimized with the Yoast SEO Premium plugin v28.1 (Yoast SEO v28.1) - https:\/\/yoast.com\/product\/yoast-seo-premium-wordpress\/ -->\n<title>Aspectos clave para comprar un frigor\u00edfico de laboratorio | Medical Lab<\/title>\n<meta name=\"description\" content=\"\u00bfQuiere conocer los aspectos clave para comprar un frigor\u00edfico de laboratorio? En este art\u00edculo encontrar\u00e1 algunas claves para optimizar su inversi\u00f3n\" \/>\n<meta name=\"robots\" content=\"index, follow, max-snippet:-1, max-image-preview:large, max-video-preview:-1\" \/>\n<link rel=\"canonical\" href=\"https:\/\/medicallab.coreco.es\/fr\/elements-cles-a-prendre-en-compte-lors-de-lachat-dun-refrigerateur-de-laboratoire\/\" \/>\n<meta property=\"og:locale\" content=\"fr_FR\" \/>\n<meta property=\"og:type\" content=\"article\" \/>\n<meta property=\"og:title\" content=\"Aspectos clave para comprar un frigor\u00edfico de laboratorio\" \/>\n<meta property=\"og:description\" content=\"\u00bfQuiere conocer los aspectos clave para comprar un frigor\u00edfico de laboratorio? En este art\u00edculo encontrar\u00e1 algunas claves para optimizar su inversi\u00f3n\" \/>\n<meta property=\"og:url\" content=\"https:\/\/medicallab.coreco.es\/fr\/elements-cles-a-prendre-en-compte-lors-de-lachat-dun-refrigerateur-de-laboratoire\/\" \/>\n<meta property=\"og:site_name\" content=\"Medical Lab\" \/>\n<meta property=\"article:published_time\" content=\"2021-02-01T10:20:40+00:00\" \/>\n<meta property=\"article:modified_time\" content=\"2026-07-01T15:55:07+00:00\" \/>\n<meta property=\"og:image\" content=\"https:\/\/medical2026.3wstudiopro.com\/wp-content\/uploads\/2026\/07\/almacen-medico-copia-scaled.jpg_2K_202607011704.webp\" \/>\n\t<meta property=\"og:image:width\" content=\"1920\" \/>\n\t<meta property=\"og:image:height\" content=\"1072\" \/>\n\t<meta property=\"og:image:type\" content=\"image\/webp\" \/>\n<meta name=\"author\" content=\"jesus\" \/>\n<meta name=\"twitter:card\" content=\"summary_large_image\" \/>\n<meta name=\"twitter:label1\" content=\"\u00c9crit par\" \/>\n\t<meta name=\"twitter:data1\" content=\"jesus\" \/>\n\t<meta name=\"twitter:label2\" content=\"Dur\u00e9e de lecture estim\u00e9e\" \/>\n\t<meta name=\"twitter:data2\" content=\"4 minutes\" \/>\n<script type=\"application\/ld+json\" class=\"yoast-schema-graph\">{\"@context\":\"https:\\\/\\\/schema.org\",\"@graph\":[{\"@type\":\"Article\",\"@id\":\"https:\\\/\\\/medicallab.coreco.es\\\/aspectos-clave-para-comprar-un-frigorifico-de-laboratorio\\\/#article\",\"isPartOf\":{\"@id\":\"https:\\\/\\\/medicallab.coreco.es\\\/aspectos-clave-para-comprar-un-frigorifico-de-laboratorio\\\/\"},\"author\":{\"name\":\"jesus\",\"@id\":\"https:\\\/\\\/medicallab.coreco.es\\\/#\\\/schema\\\/person\\\/101ce523c59b70675314a1bb9e262938\"},\"headline\":\"Aspectos clave para comprar un frigor\u00edfico de laboratorio\",\"datePublished\":\"2021-02-01T10:20:40+00:00\",\"dateModified\":\"2026-07-01T15:55:07+00:00\",\"mainEntityOfPage\":{\"@id\":\"https:\\\/\\\/medicallab.coreco.es\\\/aspectos-clave-para-comprar-un-frigorifico-de-laboratorio\\\/\"},\"wordCount\":736,\"commentCount\":0,\"publisher\":{\"@id\":\"https:\\\/\\\/medicallab.coreco.es\\\/#organization\"},\"image\":{\"@id\":\"https:\\\/\\\/medicallab.coreco.es\\\/aspectos-clave-para-comprar-un-frigorifico-de-laboratorio\\\/#primaryimage\"},\"thumbnailUrl\":\"https:\\\/\\\/medicallab.coreco.es\\\/wp-content\\\/uploads\\\/2026\\\/07\\\/almacen-medico-copia-scaled.jpg_2K_202607011704.webp\",\"articleSection\":[\"Sin categor\u00eda\"],\"inLanguage\":\"fr-FR\",\"potentialAction\":[{\"@type\":\"CommentAction\",\"name\":\"Comment\",\"target\":[\"https:\\\/\\\/medicallab.coreco.es\\\/aspectos-clave-para-comprar-un-frigorifico-de-laboratorio\\\/#respond\"]}]},{\"@type\":\"WebPage\",\"@id\":\"https:\\\/\\\/medicallab.coreco.es\\\/aspectos-clave-para-comprar-un-frigorifico-de-laboratorio\\\/\",\"url\":\"https:\\\/\\\/medicallab.coreco.es\\\/aspectos-clave-para-comprar-un-frigorifico-de-laboratorio\\\/\",\"name\":\"Aspectos clave para comprar un frigor\u00edfico de laboratorio | Medical Lab\",\"isPartOf\":{\"@id\":\"https:\\\/\\\/medicallab.coreco.es\\\/#website\"},\"primaryImageOfPage\":{\"@id\":\"https:\\\/\\\/medicallab.coreco.es\\\/aspectos-clave-para-comprar-un-frigorifico-de-laboratorio\\\/#primaryimage\"},\"image\":{\"@id\":\"https:\\\/\\\/medicallab.coreco.es\\\/aspectos-clave-para-comprar-un-frigorifico-de-laboratorio\\\/#primaryimage\"},\"thumbnailUrl\":\"https:\\\/\\\/medicallab.coreco.es\\\/wp-content\\\/uploads\\\/2026\\\/07\\\/almacen-medico-copia-scaled.jpg_2K_202607011704.webp\",\"datePublished\":\"2021-02-01T10:20:40+00:00\",\"dateModified\":\"2026-07-01T15:55:07+00:00\",\"description\":\"\u00bfQuiere conocer los aspectos clave para comprar un frigor\u00edfico de laboratorio? En este art\u00edculo encontrar\u00e1 algunas claves para optimizar su inversi\u00f3n\",\"breadcrumb\":{\"@id\":\"https:\\\/\\\/medicallab.coreco.es\\\/aspectos-clave-para-comprar-un-frigorifico-de-laboratorio\\\/#breadcrumb\"},\"inLanguage\":\"fr-FR\",\"potentialAction\":[{\"@type\":\"ReadAction\",\"target\":[\"https:\\\/\\\/medicallab.coreco.es\\\/aspectos-clave-para-comprar-un-frigorifico-de-laboratorio\\\/\"]}]},{\"@type\":\"ImageObject\",\"inLanguage\":\"fr-FR\",\"@id\":\"https:\\\/\\\/medicallab.coreco.es\\\/aspectos-clave-para-comprar-un-frigorifico-de-laboratorio\\\/#primaryimage\",\"url\":\"https:\\\/\\\/medicallab.coreco.es\\\/wp-content\\\/uploads\\\/2026\\\/07\\\/almacen-medico-copia-scaled.jpg_2K_202607011704.webp\",\"contentUrl\":\"https:\\\/\\\/medicallab.coreco.es\\\/wp-content\\\/uploads\\\/2026\\\/07\\\/almacen-medico-copia-scaled.jpg_2K_202607011704.webp\",\"width\":1920,\"height\":1072},{\"@type\":\"BreadcrumbList\",\"@id\":\"https:\\\/\\\/medicallab.coreco.es\\\/aspectos-clave-para-comprar-un-frigorifico-de-laboratorio\\\/#breadcrumb\",\"itemListElement\":[{\"@type\":\"ListItem\",\"position\":1,\"name\":\"Portada\",\"item\":\"https:\\\/\\\/medicallab.coreco.es\\\/\"},{\"@type\":\"ListItem\",\"position\":2,\"name\":\"Aspectos clave para comprar un frigor\u00edfico de laboratorio\"}]},{\"@type\":\"WebSite\",\"@id\":\"https:\\\/\\\/medicallab.coreco.es\\\/#website\",\"url\":\"https:\\\/\\\/medicallab.coreco.es\\\/\",\"name\":\"CORECO Medical Lab\",\"description\":\"Medical Lab\",\"publisher\":{\"@id\":\"https:\\\/\\\/medicallab.coreco.es\\\/#organization\"},\"alternateName\":\"CORECO Medical Lab\",\"potentialAction\":[{\"@type\":\"SearchAction\",\"target\":{\"@type\":\"EntryPoint\",\"urlTemplate\":\"https:\\\/\\\/medicallab.coreco.es\\\/?s={search_term_string}\"},\"query-input\":{\"@type\":\"PropertyValueSpecification\",\"valueRequired\":true,\"valueName\":\"search_term_string\"}}],\"inLanguage\":\"fr-FR\"},{\"@type\":\"Organization\",\"@id\":\"https:\\\/\\\/medicallab.coreco.es\\\/#organization\",\"name\":\"CORECO Medical Lab\",\"url\":\"https:\\\/\\\/medicallab.coreco.es\\\/\",\"logo\":{\"@type\":\"ImageObject\",\"inLanguage\":\"fr-FR\",\"@id\":\"https:\\\/\\\/medicallab.coreco.es\\\/#\\\/schema\\\/logo\\\/image\\\/\",\"url\":\"https:\\\/\\\/medicallab.coreco.es\\\/wp-content\\\/uploads\\\/2026\\\/03\\\/cropped-FAVICON.webp\",\"contentUrl\":\"https:\\\/\\\/medicallab.coreco.es\\\/wp-content\\\/uploads\\\/2026\\\/03\\\/cropped-FAVICON.webp\",\"width\":512,\"height\":512,\"caption\":\"CORECO Medical Lab\"},\"image\":{\"@id\":\"https:\\\/\\\/medicallab.coreco.es\\\/#\\\/schema\\\/logo\\\/image\\\/\"},\"description\":\"CORECO es una empresa fundada en 1986 dedicada al desarrollo y fabricaci\u00f3n de equipamiento para el amplio mercado hostelero. A lo largo de su historia, se ha caracterizado por una continua evoluci\u00f3n tecnol\u00f3gica y un gran crecimiento empresarial enfocado en ofrecer opciones eficaces y con garant\u00edas a los clientes m\u00e1s exigentes. Puntos clave de la empresa:Enfoque Ecol\u00f3gico y Eficiente: Sus productos est\u00e1n dise\u00f1ados para tener una gran eficiencia energ\u00e9tica, ser respetuosos con la conservaci\u00f3n del medio ambiente y ayudar al usuario final a reducir los costes de uso y mantenimiento. Calidad Certificada: Cuentan con procesos de fabricaci\u00f3n certificados bajo la norma internacional ISO 14001 y someten sus equipos a estrictos procesos de ensayo acordes a las directivas y regulaciones internacionales. Tecnolog\u00eda Avanzada: En la fabricaci\u00f3n de sus equipos emplean componentes de alto rendimiento, entre los que destacan:Refrigerantes hidrocarburos (R290 y R600a). Gesti\u00f3n electr\u00f3nica para el control de temperatura, descarches y condensaci\u00f3n. Aislamiento de poliuretano de alta densidad (40 Kg\\\/m\u00b3). Compresores, ventiladores de alto rendimiento e iluminaci\u00f3n LED.Puertas de cristal con tratamientos bajo-emisivos y barreras t\u00e9rmicas por gas inerte.\",\"email\":\"info@coreco.es\",\"telephone\":\"+34 957 50 22 75\",\"legalName\":\"CORECO S.A.\"},{\"@type\":\"Person\",\"@id\":\"https:\\\/\\\/medicallab.coreco.es\\\/#\\\/schema\\\/person\\\/101ce523c59b70675314a1bb9e262938\",\"name\":\"jesus\",\"image\":{\"@type\":\"ImageObject\",\"inLanguage\":\"fr-FR\",\"@id\":\"https:\\\/\\\/medicallab.coreco.es\\\/wp-content\\\/litespeed\\\/avatar\\\/653694bef48abce83a847738b36d597a.jpg?ver=1787676785\",\"url\":\"https:\\\/\\\/medicallab.coreco.es\\\/wp-content\\\/litespeed\\\/avatar\\\/653694bef48abce83a847738b36d597a.jpg?ver=1787676785\",\"contentUrl\":\"https:\\\/\\\/medicallab.coreco.es\\\/wp-content\\\/litespeed\\\/avatar\\\/653694bef48abce83a847738b36d597a.jpg?ver=1787676785\",\"caption\":\"jesus\"},\"sameAs\":[\"https:\\\/\\\/medicallab.coreco.es\"],\"url\":\"https:\\\/\\\/medicallab.coreco.es\\\/fr\\\/author\\\/jesus\\\/\"}]}<\/script>\n<!-- \/ Yoast SEO Premium plugin. -->","yoast_head_json":{"title":"\u00c9l\u00e9ments cl\u00e9s \u00e0 prendre en compte lors de l'achat d'un r\u00e9frig\u00e9rateur de laboratoire | Medical Lab","description":"Vous souhaitez conna\u00eetre les \u00e9l\u00e9ments cl\u00e9s \u00e0 prendre en compte pour l'achat d'un r\u00e9frig\u00e9rateur de laboratoire ? Dans cet article, vous trouverez quelques conseils pour optimiser votre investissement.","robots":{"index":"index","follow":"follow","max-snippet":"max-snippet:-1","max-image-preview":"max-image-preview:large","max-video-preview":"max-video-preview:-1"},"canonical":"https:\/\/medicallab.coreco.es\/fr\/elements-cles-a-prendre-en-compte-lors-de-lachat-dun-refrigerateur-de-laboratoire\/","og_locale":"fr_FR","og_type":"article","og_title":"Aspectos clave para comprar un frigor\u00edfico de laboratorio","og_description":"\u00bfQuiere conocer los aspectos clave para comprar un frigor\u00edfico de laboratorio? En este art\u00edculo encontrar\u00e1 algunas claves para optimizar su inversi\u00f3n","og_url":"https:\/\/medicallab.coreco.es\/fr\/elements-cles-a-prendre-en-compte-lors-de-lachat-dun-refrigerateur-de-laboratoire\/","og_site_name":"Medical Lab","article_published_time":"2021-02-01T10:20:40+00:00","article_modified_time":"2026-07-01T15:55:07+00:00","og_image":[{"width":1920,"height":1072,"url":"https:\/\/medical2026.3wstudiopro.com\/wp-content\/uploads\/2026\/07\/almacen-medico-copia-scaled.jpg_2K_202607011704.webp","type":"image\/webp"}],"author":"jesus","twitter_card":"summary_large_image","twitter_misc":{"\u00c9crit par":"jesus","Dur\u00e9e de lecture estim\u00e9e":"4 minutes"},"schema":{"@context":"https:\/\/schema.org","@graph":[{"@type":"Article","@id":"https:\/\/medicallab.coreco.es\/aspectos-clave-para-comprar-un-frigorifico-de-laboratorio\/#article","isPartOf":{"@id":"https:\/\/medicallab.coreco.es\/aspectos-clave-para-comprar-un-frigorifico-de-laboratorio\/"},"author":{"name":"jesus","@id":"https:\/\/medicallab.coreco.es\/#\/schema\/person\/101ce523c59b70675314a1bb9e262938"},"headline":"Aspectos clave para comprar un frigor\u00edfico de laboratorio","datePublished":"2021-02-01T10:20:40+00:00","dateModified":"2026-07-01T15:55:07+00:00","mainEntityOfPage":{"@id":"https:\/\/medicallab.coreco.es\/aspectos-clave-para-comprar-un-frigorifico-de-laboratorio\/"},"wordCount":736,"commentCount":0,"publisher":{"@id":"https:\/\/medicallab.coreco.es\/#organization"},"image":{"@id":"https:\/\/medicallab.coreco.es\/aspectos-clave-para-comprar-un-frigorifico-de-laboratorio\/#primaryimage"},"thumbnailUrl":"https:\/\/medicallab.coreco.es\/wp-content\/uploads\/2026\/07\/almacen-medico-copia-scaled.jpg_2K_202607011704.webp","articleSection":["Sin categor\u00eda"],"inLanguage":"fr-FR","potentialAction":[{"@type":"CommentAction","name":"Comment","target":["https:\/\/medicallab.coreco.es\/aspectos-clave-para-comprar-un-frigorifico-de-laboratorio\/#respond"]}]},{"@type":"WebPage","@id":"https:\/\/medicallab.coreco.es\/aspectos-clave-para-comprar-un-frigorifico-de-laboratorio\/","url":"https:\/\/medicallab.coreco.es\/aspectos-clave-para-comprar-un-frigorifico-de-laboratorio\/","name":"\u00c9l\u00e9ments cl\u00e9s \u00e0 prendre en compte lors de l'achat d'un r\u00e9frig\u00e9rateur de laboratoire | Medical Lab","isPartOf":{"@id":"https:\/\/medicallab.coreco.es\/#website"},"primaryImageOfPage":{"@id":"https:\/\/medicallab.coreco.es\/aspectos-clave-para-comprar-un-frigorifico-de-laboratorio\/#primaryimage"},"image":{"@id":"https:\/\/medicallab.coreco.es\/aspectos-clave-para-comprar-un-frigorifico-de-laboratorio\/#primaryimage"},"thumbnailUrl":"https:\/\/medicallab.coreco.es\/wp-content\/uploads\/2026\/07\/almacen-medico-copia-scaled.jpg_2K_202607011704.webp","datePublished":"2021-02-01T10:20:40+00:00","dateModified":"2026-07-01T15:55:07+00:00","description":"Vous souhaitez conna\u00eetre les \u00e9l\u00e9ments cl\u00e9s \u00e0 prendre en compte pour l'achat d'un r\u00e9frig\u00e9rateur de laboratoire ? Dans cet article, vous trouverez quelques conseils pour optimiser votre investissement.","breadcrumb":{"@id":"https:\/\/medicallab.coreco.es\/aspectos-clave-para-comprar-un-frigorifico-de-laboratorio\/#breadcrumb"},"inLanguage":"fr-FR","potentialAction":[{"@type":"ReadAction","target":["https:\/\/medicallab.coreco.es\/aspectos-clave-para-comprar-un-frigorifico-de-laboratorio\/"]}]},{"@type":"ImageObject","inLanguage":"fr-FR","@id":"https:\/\/medicallab.coreco.es\/aspectos-clave-para-comprar-un-frigorifico-de-laboratorio\/#primaryimage","url":"https:\/\/medicallab.coreco.es\/wp-content\/uploads\/2026\/07\/almacen-medico-copia-scaled.jpg_2K_202607011704.webp","contentUrl":"https:\/\/medicallab.coreco.es\/wp-content\/uploads\/2026\/07\/almacen-medico-copia-scaled.jpg_2K_202607011704.webp","width":1920,"height":1072},{"@type":"BreadcrumbList","@id":"https:\/\/medicallab.coreco.es\/aspectos-clave-para-comprar-un-frigorifico-de-laboratorio\/#breadcrumb","itemListElement":[{"@type":"ListItem","position":1,"name":"Portada","item":"https:\/\/medicallab.coreco.es\/"},{"@type":"ListItem","position":2,"name":"Aspectos clave para comprar un frigor\u00edfico de laboratorio"}]},{"@type":"WebSite","@id":"https:\/\/medicallab.coreco.es\/#website","url":"https:\/\/medicallab.coreco.es\/","name":"CORECO Medical Lab","description":"Laboratoire m\u00e9dical","publisher":{"@id":"https:\/\/medicallab.coreco.es\/#organization"},"alternateName":"CORECO Medical Lab","potentialAction":[{"@type":"SearchAction","target":{"@type":"EntryPoint","urlTemplate":"https:\/\/medicallab.coreco.es\/?s={search_term_string}"},"query-input":{"@type":"PropertyValueSpecification","valueRequired":true,"valueName":"search_term_string"}}],"inLanguage":"fr-FR"},{"@type":"Organization","@id":"https:\/\/medicallab.coreco.es\/#organization","name":"CORECO Medical Lab","url":"https:\/\/medicallab.coreco.es\/","logo":{"@type":"ImageObject","inLanguage":"fr-FR","@id":"https:\/\/medicallab.coreco.es\/#\/schema\/logo\/image\/","url":"https:\/\/medicallab.coreco.es\/wp-content\/uploads\/2026\/03\/cropped-FAVICON.webp","contentUrl":"https:\/\/medicallab.coreco.es\/wp-content\/uploads\/2026\/03\/cropped-FAVICON.webp","width":512,"height":512,"caption":"CORECO Medical Lab"},"image":{"@id":"https:\/\/medicallab.coreco.es\/#\/schema\/logo\/image\/"},"description":"CORECO est une entreprise fond\u00e9e en 1986, sp\u00e9cialis\u00e9e dans le d\u00e9veloppement et la fabrication d'\u00e9quipements destin\u00e9s au vaste march\u00e9 de l'h\u00f4tellerie et de la restauration. Tout au long de son histoire, elle s'est distingu\u00e9e par une \u00e9volution technologique constante et une forte croissance, ax\u00e9es sur l'offre de solutions efficaces et fiables aux clients les plus exigeants. Points forts de l'entreprise : Approche \u00e9cologique et efficace : ses produits sont con\u00e7us pour offrir une grande efficacit\u00e9 \u00e9nerg\u00e9tique, respecter la pr\u00e9servation de l'environnement et aider l'utilisateur final \u00e0 r\u00e9duire ses co\u00fbts d'utilisation et d'entretien. Qualit\u00e9 certifi\u00e9e : ses processus de fabrication sont certifi\u00e9s selon la norme internationale ISO 14001 et ses \u00e9quipements sont soumis \u00e0 des proc\u00e9dures d\u2019essai rigoureuses, conformes aux directives et r\u00e9glementations internationales. Technologie de pointe : lors de la fabrication de ses \u00e9quipements, l\u2019entreprise utilise des composants hautement performants, parmi lesquels : des r\u00e9frig\u00e9rants \u00e0 base d\u2019hydrocarbures (R290 et R600a) ; une gestion \u00e9lectronique pour le contr\u00f4le de la temp\u00e9rature, du d\u00e9givrage et de la condensation ; Isolation en polyur\u00e9thane haute densit\u00e9 (40 kg\/m\u00b3). Compresseurs, ventilateurs haute performance et \u00e9clairage LED. Portes vitr\u00e9es dot\u00e9es de traitements \u00e0 faible \u00e9missivit\u00e9 et de barri\u00e8res thermiques \u00e0 gaz inerte.","email":"info@coreco.es","telephone":"+34 957 50 22 75","legalName":"CORECO S.A."},{"@type":"Person","@id":"https:\/\/medicallab.coreco.es\/#\/schema\/person\/101ce523c59b70675314a1bb9e262938","name":"J\u00e9sus","image":{"@type":"ImageObject","inLanguage":"fr-FR","@id":"https:\/\/medicallab.coreco.es\/wp-content\/litespeed\/avatar\/653694bef48abce83a847738b36d597a.jpg?ver=1787676785","url":"https:\/\/medicallab.coreco.es\/wp-content\/litespeed\/avatar\/653694bef48abce83a847738b36d597a.jpg?ver=1787676785","contentUrl":"https:\/\/medicallab.coreco.es\/wp-content\/litespeed\/avatar\/653694bef48abce83a847738b36d597a.jpg?ver=1787676785","caption":"jesus"},"sameAs":["https:\/\/medicallab.coreco.es"],"url":"https:\/\/medicallab.coreco.es\/fr\/author\/jesus\/"}]}},"_links":{"self":[{"href":"https:\/\/medicallab.coreco.es\/fr\/wp-json\/wp\/v2\/posts\/1750","targetHints":{"allow":["GET"]}}],"collection":[{"href":"https:\/\/medicallab.coreco.es\/fr\/wp-json\/wp\/v2\/posts"}],"about":[{"href":"https:\/\/medicallab.coreco.es\/fr\/wp-json\/wp\/v2\/types\/post"}],"author":[{"embeddable":true,"href":"https:\/\/medicallab.coreco.es\/fr\/wp-json\/wp\/v2\/users\/1"}],"replies":[{"embeddable":true,"href":"https:\/\/medicallab.coreco.es\/fr\/wp-json\/wp\/v2\/comments?post=1750"}],"version-history":[{"count":1,"href":"https:\/\/medicallab.coreco.es\/fr\/wp-json\/wp\/v2\/posts\/1750\/revisions"}],"predecessor-version":[{"id":1767,"href":"https:\/\/medicallab.coreco.es\/fr\/wp-json\/wp\/v2\/posts\/1750\/revisions\/1767"}],"wp:featuredmedia":[{"embeddable":true,"href":"https:\/\/medicallab.coreco.es\/fr\/wp-json\/wp\/v2\/media\/1782"}],"wp:attachment":[{"href":"https:\/\/medicallab.coreco.es\/fr\/wp-json\/wp\/v2\/media?parent=1750"}],"wp:term":[{"taxonomy":"category","embeddable":true,"href":"https:\/\/medicallab.coreco.es\/fr\/wp-json\/wp\/v2\/categories?post=1750"},{"taxonomy":"post_tag","embeddable":true,"href":"https:\/\/medicallab.coreco.es\/fr\/wp-json\/wp\/v2\/tags?post=1750"}],"curies":[{"name":"wp","href":"https:\/\/api.w.org\/{rel}","templated":true}]}}