{"id":1750,"date":"2021-02-01T10:20:40","date_gmt":"2021-02-01T10:20:40","guid":{"rendered":"http:\/\/medicallab.coreco.es\/?p=1527"},"modified":"2026-07-01T15:55:07","modified_gmt":"2026-07-01T15:55:07","slug":"wichtige-aspekte-beim-kauf-eines-labor-kuhlschranks","status":"publish","type":"post","link":"https:\/\/medicallab.coreco.es\/de\/aspectos-clave-para-comprar-un-frigorifico-de-laboratorio\/","title":{"rendered":"Wichtige Aspekte beim Kauf eines Labork\u00fchlschranks"},"content":{"rendered":"<p class=\"wp-block-paragraph\">Willkommen zur\u00fcck auf unserem Blog. Heute werden wir einige wichtige Aspekte ansprechen, die beim Kauf eines Labor-K\u00fchlschranks hilfreich sein werden.<\/p>\n\n\n\n<p class=\"wp-block-paragraph\">Die Auswahl der besten K\u00fchlger\u00e4te f\u00fcr die jeweilige Aufgabe ist entscheidend, wenn man ein Labor leitet, in dem Tests oder Experimente mit Proben durchgef\u00fchrt werden. Viele medizinische Proben sind temperaturempfindlich und reagieren empfindlich auf andere Umgebungsfaktoren; ohne eine angemessene Lagerung werden sie unbrauchbar. Wenn Sie ein medizinisches Labor leiten, ist ein medizinischer Labork\u00fchlschrank unerl\u00e4sslich, um die Proben, die Sie analysieren m\u00fcssen, sicher zu lagern.<\/p>\n\n\n\n<p class=\"wp-block-paragraph\">Es reicht nicht aus, die Proben einfach nur k\u00fchl zu halten. Ein Labor-K\u00fchlschrank h\u00e4lt nicht nur die Proben k\u00fchl, sondern kann auch die Temperaturen innerhalb eines ganz bestimmten Bereichs halten, eine Kontamination Ihrer Proben verhindern und weitere spezielle Funktionen erf\u00fcllen, die Ihr Labor ben\u00f6tigt.<\/p>\n\n\n\n<p class=\"wp-block-paragraph\">Die Auswahl eines K\u00fchlschranks f\u00fcr Ihr Labor ist nicht so einfach, wie man vielleicht denken k\u00f6nnte. Viele Labork\u00fchlschr\u00e4nke erf\u00fcllen spezifische Funktionen, die m\u00f6glicherweise nicht Ihren Anforderungen entsprechen. Bevor Sie einen Kauf t\u00e4tigen, den Sie gar nicht ben\u00f6tigen, sollten Sie genau herausfinden, wonach Sie eigentlich suchen.&nbsp;<\/p>\n\n\n\n<p class=\"wp-block-paragraph\">Hier sind einige Fragen, die Sie sich stellen sollten, bevor Sie sich auf die Suche nach einem Labor-K\u00fchlschrank machen.&nbsp;<\/p>\n\n\n\n<h3 class=\"wp-block-heading\">Wie viel Speicherplatz brauche ich?<\/h3>\n\n\n\n<p class=\"wp-block-paragraph\">Es ist wichtig zu wissen, wie viele Proben Sie in Ihrem Labork\u00fchlschrank lagern m\u00fcssen. Gr\u00f6\u00dfere Fassungsverm\u00f6gen erm\u00f6glichen es Ihnen, mehr Proben auf einmal zu entnehmen, k\u00f6nnen jedoch h\u00f6here Betriebskosten mit sich bringen.<\/p>\n\n\n\n<p class=\"wp-block-paragraph\">Au\u00dferdem sollten Sie die Gr\u00f6\u00dfe des Gefrierschranks berechnen, der in Ihr Labor passt. Laborr\u00e4ume sind in der Regel mit verschiedenen Ger\u00e4ten vollgestellt, sodass m\u00f6glicherweise kein Platz f\u00fcr einen Labor-K\u00fchlschrank oder -Gefrierschrank vorhanden ist. In diesem Fall empfehlen wir Ihnen, zwei kleinere K\u00fchlschr\u00e4nke zu w\u00e4hlen, die die erforderliche Lagerkapazit\u00e4t abdecken, sich aber leichter im Raum unterbringen lassen.\u00a0<\/p>\n\n\n\n<p class=\"wp-block-paragraph\">Ein weiterer Faktor, den es zu ber\u00fccksichtigen gilt, ist der Transport des neuen K\u00fchlschranks ins Labor. Ein dreit\u00fcriger Labork\u00fchlschrank ist kein kleines Ger\u00e4t, daher sollten Sie sicherstellen, dass ein ausreichender Zugang vorhanden ist, um Ihr neues Ger\u00e4t aufzustellen.<\/p>\n\n\n\n<h3 class=\"wp-block-heading\">Brauche ich ein Steuerungssystem?<\/h3>\n\n\n\n<p class=\"wp-block-paragraph\">Ob ein Temperatur\u00fcberwachungssystem erforderlich ist, h\u00e4ngt davon ab, wie empfindlich Ihre Proben gegen\u00fcber Temperaturschwankungen sind. Wenn Ihre Proben bei genau festgelegten Temperaturen gelagert werden m\u00fcssen, kann ein \u00dcberwachungs- und Alarmsystem den Unterschied zwischen einer frischen, brauchbaren Probe und einer verdorbenen Probe ausmachen.<\/p>\n\n\n\n<p class=\"wp-block-paragraph\">Steuerungssysteme f\u00fcr Labor-K\u00fchlschr\u00e4nke sind in der Regel etwas teurer. Wenn Sie also nicht vorhaben, besonders temperaturempfindliche Proben zu lagern, kann ein Labor-K\u00fchlschrank ohne Steuerungssystem Ihre Anforderungen ebenfalls erf\u00fcllen. Sind Sie sich hingegen nicht sicher, welche Proben Ihr Labor verarbeiten muss, ist die Investition in ein Steuerungssystem eine gute Idee.&nbsp;<\/p>\n\n\n\n<h3 class=\"wp-block-heading\">Welche Temperaturanforderungen habe ich?<\/h3>\n\n\n\n<p class=\"wp-block-paragraph\">Labor-K\u00fchlschr\u00e4nke sind so konzipiert, dass sie die Innentemperaturen innerhalb eines bestimmten Bereichs halten. Sie sollten einen K\u00fchlschrank w\u00e4hlen, der alle Anforderungen Ihrer Proben erf\u00fcllt: Schlie\u00dflich ist genau das der Zweck eines speziellen Labor-K\u00fchlschranks. Die verschiedenen Modelle von Labor-K\u00fchlschr\u00e4nken eignen sich am besten f\u00fcr unterschiedliche Arten von Proben, daher ist es entscheidend, ein Modell zu w\u00e4hlen, das Ihren Anforderungen entspricht.&nbsp;<\/p>\n\n\n\n<p class=\"wp-block-paragraph\">Wenn Sie davon ausgehen, dass Sie eine Vielzahl unterschiedlicher Proben lagern m\u00fcssen, sollten Sie einen Labor-K\u00fchl-Gefrierschrank in Betracht ziehen, der Ihnen bei Bedarf eine breite Palette an m\u00f6glichen Innentemperaturen zur Auswahl bietet.&nbsp;<\/p>\n\n\n\n<h2 class=\"wp-block-heading\">Beziehen Sie Ihre Labork\u00fchlschr\u00e4nke bei Coreco MedicalLab<\/h2>\n\n\n\n<p class=\"wp-block-paragraph\">Wenn Sie auf der Suche nach einem hochwertigen Labor-K\u00fchlschrank sind, der Ihre Proben bei ihrer optimalen Temperatur aufbewahrt, lassen Sie sich von unseren Spezialisten beraten. Diese stehen Ihnen gerne pers\u00f6nlich zur Verf\u00fcgung. Wenn Sie uns Ihre Kontaktdaten hinterlassen<a href=\"https:\/\/medicallab.coreco.es\/de\/contact\/\" data-type=\"URL\" data-id=\"https:\/\/medicallab.coreco.es\/contact\/\"> unter diesem Link,<\/a> Wir werden Sie so bald wie m\u00f6glich anrufen.<\/p>\n\n\n\n<p class=\"wp-block-paragraph\">Bei Coreco haben wir mehr als <a href=\"https:\/\/coreco.es\/empresa\/\" data-type=\"URL\" data-id=\"https:\/\/coreco.es\/empresa\/\">35 Jahre Erfahrung<\/a> in der Herstellung von industriellen K\u00fchlanlagen. Unsere 2-j\u00e4hrige Herstellergarantie gew\u00e4hrleistet Ihnen, dass Sie mit unseren Produkten voll und ganz zufrieden sein werden \u2013 insbesondere angesichts unserer \u00e4u\u00dferst g\u00fcnstigen Preise. Wenn Sie mehr erfahren m\u00f6chten, nehmen Sie noch heute Kontakt mit uns auf.\u00a0<\/p>","protected":false},"excerpt":{"rendered":"<p>Bienvenidos de nuevo a nuestro blog. Hoy vamos a abordar algunos aspectos clave que nos van a ser \u00fatiles a [&hellip;]<\/p>\n","protected":false},"author":1,"featured_media":1782,"comment_status":"open","ping_status":"open","sticky":false,"template":"","format":"standard","meta":{"_acf_changed":false,"site-sidebar-layout":"default","site-content-layout":"","ast-site-content-layout":"default","site-content-style":"default","site-sidebar-style":"default","ast-global-header-display":"","ast-banner-title-visibility":"","ast-main-header-display":"","ast-hfb-above-header-display":"","ast-hfb-below-header-display":"","ast-hfb-mobile-header-display":"","site-post-title":"","ast-breadcrumbs-content":"","ast-featured-img":"","footer-sml-layout":"","ast-disable-related-posts":"","theme-transparent-header-meta":"","adv-header-id-meta":"","stick-header-meta":"","header-above-stick-meta":"","header-main-stick-meta":"","header-below-stick-meta":"","astra-migrate-meta-layouts":"default","ast-page-background-enabled":"default","ast-page-background-meta":{"desktop":{"background-color":"var(--ast-global-color-5)","background-image":"","background-repeat":"repeat","background-position":"center center","background-size":"auto","background-attachment":"scroll","background-type":"","background-media":"","overlay-type":"","overlay-color":"","overlay-opacity":"","overlay-gradient":""},"tablet":{"background-color":"","background-image":"","background-repeat":"repeat","background-position":"center center","background-size":"auto","background-attachment":"scroll","background-type":"","background-media":"","overlay-type":"","overlay-color":"","overlay-opacity":"","overlay-gradient":""},"mobile":{"background-color":"","background-image":"","background-repeat":"repeat","background-position":"center center","background-size":"auto","background-attachment":"scroll","background-type":"","background-media":"","overlay-type":"","overlay-color":"","overlay-opacity":"","overlay-gradient":""}},"ast-content-background-meta":{"desktop":{"background-color":"var(--ast-global-color-4)","background-image":"","background-repeat":"repeat","background-position":"center center","background-size":"auto","background-attachment":"scroll","background-type":"","background-media":"","overlay-type":"","overlay-color":"","overlay-opacity":"","overlay-gradient":""},"tablet":{"background-color":"var(--ast-global-color-4)","background-image":"","background-repeat":"repeat","background-position":"center center","background-size":"auto","background-attachment":"scroll","background-type":"","background-media":"","overlay-type":"","overlay-color":"","overlay-opacity":"","overlay-gradient":""},"mobile":{"background-color":"var(--ast-global-color-4)","background-image":"","background-repeat":"repeat","background-position":"center center","background-size":"auto","background-attachment":"scroll","background-type":"","background-media":"","overlay-type":"","overlay-color":"","overlay-opacity":"","overlay-gradient":""}},"footnotes":""},"categories":[9],"tags":[],"class_list":["post-1750","post","type-post","status-publish","format-standard","has-post-thumbnail","hentry","category-sin-categoria"],"acf":[],"yoast_head":"<!-- This site is optimized with the Yoast SEO Premium plugin v28.1 (Yoast SEO v28.1) - https:\/\/yoast.com\/product\/yoast-seo-premium-wordpress\/ -->\n<title>Aspectos clave para comprar un frigor\u00edfico de laboratorio | Medical Lab<\/title>\n<meta name=\"description\" content=\"\u00bfQuiere conocer los aspectos clave para comprar un frigor\u00edfico de laboratorio? En este art\u00edculo encontrar\u00e1 algunas claves para optimizar su inversi\u00f3n\" \/>\n<meta name=\"robots\" content=\"index, follow, max-snippet:-1, max-image-preview:large, max-video-preview:-1\" \/>\n<link rel=\"canonical\" href=\"https:\/\/medicallab.coreco.es\/de\/wichtige-aspekte-beim-kauf-eines-labor-kuhlschranks\/\" \/>\n<meta property=\"og:locale\" content=\"de_DE\" \/>\n<meta property=\"og:type\" content=\"article\" \/>\n<meta property=\"og:title\" content=\"Aspectos clave para comprar un frigor\u00edfico de laboratorio\" \/>\n<meta property=\"og:description\" content=\"\u00bfQuiere conocer los aspectos clave para comprar un frigor\u00edfico de laboratorio? En este art\u00edculo encontrar\u00e1 algunas claves para optimizar su inversi\u00f3n\" \/>\n<meta property=\"og:url\" content=\"https:\/\/medicallab.coreco.es\/de\/wichtige-aspekte-beim-kauf-eines-labor-kuhlschranks\/\" \/>\n<meta property=\"og:site_name\" content=\"Medical Lab\" \/>\n<meta property=\"article:published_time\" content=\"2021-02-01T10:20:40+00:00\" \/>\n<meta property=\"article:modified_time\" content=\"2026-07-01T15:55:07+00:00\" \/>\n<meta property=\"og:image\" content=\"https:\/\/medical2026.3wstudiopro.com\/wp-content\/uploads\/2026\/07\/almacen-medico-copia-scaled.jpg_2K_202607011704.webp\" \/>\n\t<meta property=\"og:image:width\" content=\"1920\" \/>\n\t<meta property=\"og:image:height\" content=\"1072\" \/>\n\t<meta property=\"og:image:type\" content=\"image\/webp\" \/>\n<meta name=\"author\" content=\"jesus\" \/>\n<meta name=\"twitter:card\" content=\"summary_large_image\" \/>\n<meta name=\"twitter:label1\" content=\"Verfasst von\" \/>\n\t<meta name=\"twitter:data1\" content=\"jesus\" \/>\n\t<meta name=\"twitter:label2\" content=\"Gesch\u00e4tzte Lesezeit\" \/>\n\t<meta name=\"twitter:data2\" content=\"4\u00a0Minuten\" \/>\n<script type=\"application\/ld+json\" class=\"yoast-schema-graph\">{\"@context\":\"https:\\\/\\\/schema.org\",\"@graph\":[{\"@type\":\"Article\",\"@id\":\"https:\\\/\\\/medicallab.coreco.es\\\/aspectos-clave-para-comprar-un-frigorifico-de-laboratorio\\\/#article\",\"isPartOf\":{\"@id\":\"https:\\\/\\\/medicallab.coreco.es\\\/aspectos-clave-para-comprar-un-frigorifico-de-laboratorio\\\/\"},\"author\":{\"name\":\"jesus\",\"@id\":\"https:\\\/\\\/medicallab.coreco.es\\\/#\\\/schema\\\/person\\\/101ce523c59b70675314a1bb9e262938\"},\"headline\":\"Aspectos clave para comprar un frigor\u00edfico de laboratorio\",\"datePublished\":\"2021-02-01T10:20:40+00:00\",\"dateModified\":\"2026-07-01T15:55:07+00:00\",\"mainEntityOfPage\":{\"@id\":\"https:\\\/\\\/medicallab.coreco.es\\\/aspectos-clave-para-comprar-un-frigorifico-de-laboratorio\\\/\"},\"wordCount\":736,\"commentCount\":0,\"publisher\":{\"@id\":\"https:\\\/\\\/medicallab.coreco.es\\\/#organization\"},\"image\":{\"@id\":\"https:\\\/\\\/medicallab.coreco.es\\\/aspectos-clave-para-comprar-un-frigorifico-de-laboratorio\\\/#primaryimage\"},\"thumbnailUrl\":\"https:\\\/\\\/medicallab.coreco.es\\\/wp-content\\\/uploads\\\/2026\\\/07\\\/almacen-medico-copia-scaled.jpg_2K_202607011704.webp\",\"articleSection\":[\"Sin categor\u00eda\"],\"inLanguage\":\"de\",\"potentialAction\":[{\"@type\":\"CommentAction\",\"name\":\"Comment\",\"target\":[\"https:\\\/\\\/medicallab.coreco.es\\\/aspectos-clave-para-comprar-un-frigorifico-de-laboratorio\\\/#respond\"]}]},{\"@type\":\"WebPage\",\"@id\":\"https:\\\/\\\/medicallab.coreco.es\\\/aspectos-clave-para-comprar-un-frigorifico-de-laboratorio\\\/\",\"url\":\"https:\\\/\\\/medicallab.coreco.es\\\/aspectos-clave-para-comprar-un-frigorifico-de-laboratorio\\\/\",\"name\":\"Aspectos clave para comprar un frigor\u00edfico de laboratorio | Medical Lab\",\"isPartOf\":{\"@id\":\"https:\\\/\\\/medicallab.coreco.es\\\/#website\"},\"primaryImageOfPage\":{\"@id\":\"https:\\\/\\\/medicallab.coreco.es\\\/aspectos-clave-para-comprar-un-frigorifico-de-laboratorio\\\/#primaryimage\"},\"image\":{\"@id\":\"https:\\\/\\\/medicallab.coreco.es\\\/aspectos-clave-para-comprar-un-frigorifico-de-laboratorio\\\/#primaryimage\"},\"thumbnailUrl\":\"https:\\\/\\\/medicallab.coreco.es\\\/wp-content\\\/uploads\\\/2026\\\/07\\\/almacen-medico-copia-scaled.jpg_2K_202607011704.webp\",\"datePublished\":\"2021-02-01T10:20:40+00:00\",\"dateModified\":\"2026-07-01T15:55:07+00:00\",\"description\":\"\u00bfQuiere conocer los aspectos clave para comprar un frigor\u00edfico de laboratorio? En este art\u00edculo encontrar\u00e1 algunas claves para optimizar su inversi\u00f3n\",\"breadcrumb\":{\"@id\":\"https:\\\/\\\/medicallab.coreco.es\\\/aspectos-clave-para-comprar-un-frigorifico-de-laboratorio\\\/#breadcrumb\"},\"inLanguage\":\"de\",\"potentialAction\":[{\"@type\":\"ReadAction\",\"target\":[\"https:\\\/\\\/medicallab.coreco.es\\\/aspectos-clave-para-comprar-un-frigorifico-de-laboratorio\\\/\"]}]},{\"@type\":\"ImageObject\",\"inLanguage\":\"de\",\"@id\":\"https:\\\/\\\/medicallab.coreco.es\\\/aspectos-clave-para-comprar-un-frigorifico-de-laboratorio\\\/#primaryimage\",\"url\":\"https:\\\/\\\/medicallab.coreco.es\\\/wp-content\\\/uploads\\\/2026\\\/07\\\/almacen-medico-copia-scaled.jpg_2K_202607011704.webp\",\"contentUrl\":\"https:\\\/\\\/medicallab.coreco.es\\\/wp-content\\\/uploads\\\/2026\\\/07\\\/almacen-medico-copia-scaled.jpg_2K_202607011704.webp\",\"width\":1920,\"height\":1072},{\"@type\":\"BreadcrumbList\",\"@id\":\"https:\\\/\\\/medicallab.coreco.es\\\/aspectos-clave-para-comprar-un-frigorifico-de-laboratorio\\\/#breadcrumb\",\"itemListElement\":[{\"@type\":\"ListItem\",\"position\":1,\"name\":\"Portada\",\"item\":\"https:\\\/\\\/medicallab.coreco.es\\\/\"},{\"@type\":\"ListItem\",\"position\":2,\"name\":\"Aspectos clave para comprar un frigor\u00edfico de laboratorio\"}]},{\"@type\":\"WebSite\",\"@id\":\"https:\\\/\\\/medicallab.coreco.es\\\/#website\",\"url\":\"https:\\\/\\\/medicallab.coreco.es\\\/\",\"name\":\"CORECO Medical Lab\",\"description\":\"Medical Lab\",\"publisher\":{\"@id\":\"https:\\\/\\\/medicallab.coreco.es\\\/#organization\"},\"alternateName\":\"CORECO Medical Lab\",\"potentialAction\":[{\"@type\":\"SearchAction\",\"target\":{\"@type\":\"EntryPoint\",\"urlTemplate\":\"https:\\\/\\\/medicallab.coreco.es\\\/?s={search_term_string}\"},\"query-input\":{\"@type\":\"PropertyValueSpecification\",\"valueRequired\":true,\"valueName\":\"search_term_string\"}}],\"inLanguage\":\"de\"},{\"@type\":\"Organization\",\"@id\":\"https:\\\/\\\/medicallab.coreco.es\\\/#organization\",\"name\":\"CORECO Medical Lab\",\"url\":\"https:\\\/\\\/medicallab.coreco.es\\\/\",\"logo\":{\"@type\":\"ImageObject\",\"inLanguage\":\"de\",\"@id\":\"https:\\\/\\\/medicallab.coreco.es\\\/#\\\/schema\\\/logo\\\/image\\\/\",\"url\":\"https:\\\/\\\/medicallab.coreco.es\\\/wp-content\\\/uploads\\\/2026\\\/03\\\/cropped-FAVICON.webp\",\"contentUrl\":\"https:\\\/\\\/medicallab.coreco.es\\\/wp-content\\\/uploads\\\/2026\\\/03\\\/cropped-FAVICON.webp\",\"width\":512,\"height\":512,\"caption\":\"CORECO Medical Lab\"},\"image\":{\"@id\":\"https:\\\/\\\/medicallab.coreco.es\\\/#\\\/schema\\\/logo\\\/image\\\/\"},\"description\":\"CORECO es una empresa fundada en 1986 dedicada al desarrollo y fabricaci\u00f3n de equipamiento para el amplio mercado hostelero. A lo largo de su historia, se ha caracterizado por una continua evoluci\u00f3n tecnol\u00f3gica y un gran crecimiento empresarial enfocado en ofrecer opciones eficaces y con garant\u00edas a los clientes m\u00e1s exigentes. Puntos clave de la empresa:Enfoque Ecol\u00f3gico y Eficiente: Sus productos est\u00e1n dise\u00f1ados para tener una gran eficiencia energ\u00e9tica, ser respetuosos con la conservaci\u00f3n del medio ambiente y ayudar al usuario final a reducir los costes de uso y mantenimiento. Calidad Certificada: Cuentan con procesos de fabricaci\u00f3n certificados bajo la norma internacional ISO 14001 y someten sus equipos a estrictos procesos de ensayo acordes a las directivas y regulaciones internacionales. Tecnolog\u00eda Avanzada: En la fabricaci\u00f3n de sus equipos emplean componentes de alto rendimiento, entre los que destacan:Refrigerantes hidrocarburos (R290 y R600a). Gesti\u00f3n electr\u00f3nica para el control de temperatura, descarches y condensaci\u00f3n. Aislamiento de poliuretano de alta densidad (40 Kg\\\/m\u00b3). Compresores, ventiladores de alto rendimiento e iluminaci\u00f3n LED.Puertas de cristal con tratamientos bajo-emisivos y barreras t\u00e9rmicas por gas inerte.\",\"email\":\"info@coreco.es\",\"telephone\":\"+34 957 50 22 75\",\"legalName\":\"CORECO S.A.\"},{\"@type\":\"Person\",\"@id\":\"https:\\\/\\\/medicallab.coreco.es\\\/#\\\/schema\\\/person\\\/101ce523c59b70675314a1bb9e262938\",\"name\":\"jesus\",\"image\":{\"@type\":\"ImageObject\",\"inLanguage\":\"de\",\"@id\":\"https:\\\/\\\/medicallab.coreco.es\\\/wp-content\\\/litespeed\\\/avatar\\\/653694bef48abce83a847738b36d597a.jpg?ver=1787676785\",\"url\":\"https:\\\/\\\/medicallab.coreco.es\\\/wp-content\\\/litespeed\\\/avatar\\\/653694bef48abce83a847738b36d597a.jpg?ver=1787676785\",\"contentUrl\":\"https:\\\/\\\/medicallab.coreco.es\\\/wp-content\\\/litespeed\\\/avatar\\\/653694bef48abce83a847738b36d597a.jpg?ver=1787676785\",\"caption\":\"jesus\"},\"sameAs\":[\"https:\\\/\\\/medicallab.coreco.es\"],\"url\":\"https:\\\/\\\/medicallab.coreco.es\\\/de\\\/author\\\/jesus\\\/\"}]}<\/script>\n<!-- \/ Yoast SEO Premium plugin. -->","yoast_head_json":{"title":"Wichtige Aspekte beim Kauf eines Labork\u00fchlschranks | Medical Lab","description":"M\u00f6chten Sie wissen, worauf Sie beim Kauf eines Labork\u00fchlschranks achten sollten? In diesem Artikel finden Sie einige Tipps, wie Sie Ihre Investition optimieren k\u00f6nnen.","robots":{"index":"index","follow":"follow","max-snippet":"max-snippet:-1","max-image-preview":"max-image-preview:large","max-video-preview":"max-video-preview:-1"},"canonical":"https:\/\/medicallab.coreco.es\/de\/wichtige-aspekte-beim-kauf-eines-labor-kuhlschranks\/","og_locale":"de_DE","og_type":"article","og_title":"Aspectos clave para comprar un frigor\u00edfico de laboratorio","og_description":"\u00bfQuiere conocer los aspectos clave para comprar un frigor\u00edfico de laboratorio? En este art\u00edculo encontrar\u00e1 algunas claves para optimizar su inversi\u00f3n","og_url":"https:\/\/medicallab.coreco.es\/de\/wichtige-aspekte-beim-kauf-eines-labor-kuhlschranks\/","og_site_name":"Medical Lab","article_published_time":"2021-02-01T10:20:40+00:00","article_modified_time":"2026-07-01T15:55:07+00:00","og_image":[{"width":1920,"height":1072,"url":"https:\/\/medical2026.3wstudiopro.com\/wp-content\/uploads\/2026\/07\/almacen-medico-copia-scaled.jpg_2K_202607011704.webp","type":"image\/webp"}],"author":"jesus","twitter_card":"summary_large_image","twitter_misc":{"Verfasst von":"jesus","Gesch\u00e4tzte Lesezeit":"4\u00a0Minuten"},"schema":{"@context":"https:\/\/schema.org","@graph":[{"@type":"Article","@id":"https:\/\/medicallab.coreco.es\/aspectos-clave-para-comprar-un-frigorifico-de-laboratorio\/#article","isPartOf":{"@id":"https:\/\/medicallab.coreco.es\/aspectos-clave-para-comprar-un-frigorifico-de-laboratorio\/"},"author":{"name":"jesus","@id":"https:\/\/medicallab.coreco.es\/#\/schema\/person\/101ce523c59b70675314a1bb9e262938"},"headline":"Aspectos clave para comprar un frigor\u00edfico de laboratorio","datePublished":"2021-02-01T10:20:40+00:00","dateModified":"2026-07-01T15:55:07+00:00","mainEntityOfPage":{"@id":"https:\/\/medicallab.coreco.es\/aspectos-clave-para-comprar-un-frigorifico-de-laboratorio\/"},"wordCount":736,"commentCount":0,"publisher":{"@id":"https:\/\/medicallab.coreco.es\/#organization"},"image":{"@id":"https:\/\/medicallab.coreco.es\/aspectos-clave-para-comprar-un-frigorifico-de-laboratorio\/#primaryimage"},"thumbnailUrl":"https:\/\/medicallab.coreco.es\/wp-content\/uploads\/2026\/07\/almacen-medico-copia-scaled.jpg_2K_202607011704.webp","articleSection":["Sin categor\u00eda"],"inLanguage":"de","potentialAction":[{"@type":"CommentAction","name":"Comment","target":["https:\/\/medicallab.coreco.es\/aspectos-clave-para-comprar-un-frigorifico-de-laboratorio\/#respond"]}]},{"@type":"WebPage","@id":"https:\/\/medicallab.coreco.es\/aspectos-clave-para-comprar-un-frigorifico-de-laboratorio\/","url":"https:\/\/medicallab.coreco.es\/aspectos-clave-para-comprar-un-frigorifico-de-laboratorio\/","name":"Wichtige Aspekte beim Kauf eines Labork\u00fchlschranks | Medical Lab","isPartOf":{"@id":"https:\/\/medicallab.coreco.es\/#website"},"primaryImageOfPage":{"@id":"https:\/\/medicallab.coreco.es\/aspectos-clave-para-comprar-un-frigorifico-de-laboratorio\/#primaryimage"},"image":{"@id":"https:\/\/medicallab.coreco.es\/aspectos-clave-para-comprar-un-frigorifico-de-laboratorio\/#primaryimage"},"thumbnailUrl":"https:\/\/medicallab.coreco.es\/wp-content\/uploads\/2026\/07\/almacen-medico-copia-scaled.jpg_2K_202607011704.webp","datePublished":"2021-02-01T10:20:40+00:00","dateModified":"2026-07-01T15:55:07+00:00","description":"M\u00f6chten Sie wissen, worauf Sie beim Kauf eines Labork\u00fchlschranks achten sollten? In diesem Artikel finden Sie einige Tipps, wie Sie Ihre Investition optimieren k\u00f6nnen.","breadcrumb":{"@id":"https:\/\/medicallab.coreco.es\/aspectos-clave-para-comprar-un-frigorifico-de-laboratorio\/#breadcrumb"},"inLanguage":"de","potentialAction":[{"@type":"ReadAction","target":["https:\/\/medicallab.coreco.es\/aspectos-clave-para-comprar-un-frigorifico-de-laboratorio\/"]}]},{"@type":"ImageObject","inLanguage":"de","@id":"https:\/\/medicallab.coreco.es\/aspectos-clave-para-comprar-un-frigorifico-de-laboratorio\/#primaryimage","url":"https:\/\/medicallab.coreco.es\/wp-content\/uploads\/2026\/07\/almacen-medico-copia-scaled.jpg_2K_202607011704.webp","contentUrl":"https:\/\/medicallab.coreco.es\/wp-content\/uploads\/2026\/07\/almacen-medico-copia-scaled.jpg_2K_202607011704.webp","width":1920,"height":1072},{"@type":"BreadcrumbList","@id":"https:\/\/medicallab.coreco.es\/aspectos-clave-para-comprar-un-frigorifico-de-laboratorio\/#breadcrumb","itemListElement":[{"@type":"ListItem","position":1,"name":"Portada","item":"https:\/\/medicallab.coreco.es\/"},{"@type":"ListItem","position":2,"name":"Aspectos clave para comprar un frigor\u00edfico de laboratorio"}]},{"@type":"WebSite","@id":"https:\/\/medicallab.coreco.es\/#website","url":"https:\/\/medicallab.coreco.es\/","name":"CORECO Medical Lab","description":"Medizinisches Labor","publisher":{"@id":"https:\/\/medicallab.coreco.es\/#organization"},"alternateName":"CORECO Medical Lab","potentialAction":[{"@type":"SearchAction","target":{"@type":"EntryPoint","urlTemplate":"https:\/\/medicallab.coreco.es\/?s={search_term_string}"},"query-input":{"@type":"PropertyValueSpecification","valueRequired":true,"valueName":"search_term_string"}}],"inLanguage":"de"},{"@type":"Organization","@id":"https:\/\/medicallab.coreco.es\/#organization","name":"CORECO Medical Lab","url":"https:\/\/medicallab.coreco.es\/","logo":{"@type":"ImageObject","inLanguage":"de","@id":"https:\/\/medicallab.coreco.es\/#\/schema\/logo\/image\/","url":"https:\/\/medicallab.coreco.es\/wp-content\/uploads\/2026\/03\/cropped-FAVICON.webp","contentUrl":"https:\/\/medicallab.coreco.es\/wp-content\/uploads\/2026\/03\/cropped-FAVICON.webp","width":512,"height":512,"caption":"CORECO Medical Lab"},"image":{"@id":"https:\/\/medicallab.coreco.es\/#\/schema\/logo\/image\/"},"description":"CORECO ist ein 1986 gegr\u00fcndetes Unternehmen, das sich der Entwicklung und Herstellung von Ausr\u00fcstung f\u00fcr den breiten Gastronomiemarkt widmet. Im Laufe seiner Geschichte zeichnete es sich durch eine kontinuierliche technologische Weiterentwicklung und ein starkes Unternehmenswachstum aus, wobei der Schwerpunkt darauf lag, den anspruchsvollsten Kunden effiziente und zuverl\u00e4ssige L\u00f6sungen anzubieten. Schwerpunkte des Unternehmens: \u00d6kologischer und effizienter Ansatz: Die Produkte sind auf hohe Energieeffizienz ausgelegt, schonen die Umwelt und helfen dem Endnutzer, Betriebs- und Wartungskosten zu senken. Zertifizierte Qualit\u00e4t: Die Fertigungsprozesse sind nach der internationalen Norm ISO 14001 zertifiziert, und die Ger\u00e4te werden strengen Pr\u00fcfverfahren unterzogen, die den internationalen Richtlinien und Vorschriften entsprechen. Fortschrittliche Technologie: Bei der Herstellung ihrer Ger\u00e4te kommen Hochleistungskomponenten zum Einsatz, darunter insbesondere: Kohlenwasserstoff-K\u00e4ltemittel (R290 und R600a). Elektronische Steuerung f\u00fcr Temperaturregelung, Abtauung und Kondensation. Polyurethan-Isolierung mit hoher Dichte (40 kg\/m\u00b3). Hochleistungskompressoren, Hochleistungsventilatoren und LED-Beleuchtung. Glast\u00fcren mit Low-E-Beschichtung und W\u00e4rmesperren aus Inertgas.","email":"info@coreco.es","telephone":"+34 957 50 22 75","legalName":"CORECO S.A."},{"@type":"Person","@id":"https:\/\/medicallab.coreco.es\/#\/schema\/person\/101ce523c59b70675314a1bb9e262938","name":"Jesus","image":{"@type":"ImageObject","inLanguage":"de","@id":"https:\/\/medicallab.coreco.es\/wp-content\/litespeed\/avatar\/653694bef48abce83a847738b36d597a.jpg?ver=1787676785","url":"https:\/\/medicallab.coreco.es\/wp-content\/litespeed\/avatar\/653694bef48abce83a847738b36d597a.jpg?ver=1787676785","contentUrl":"https:\/\/medicallab.coreco.es\/wp-content\/litespeed\/avatar\/653694bef48abce83a847738b36d597a.jpg?ver=1787676785","caption":"jesus"},"sameAs":["https:\/\/medicallab.coreco.es"],"url":"https:\/\/medicallab.coreco.es\/de\/author\/jesus\/"}]}},"_links":{"self":[{"href":"https:\/\/medicallab.coreco.es\/de\/wp-json\/wp\/v2\/posts\/1750","targetHints":{"allow":["GET"]}}],"collection":[{"href":"https:\/\/medicallab.coreco.es\/de\/wp-json\/wp\/v2\/posts"}],"about":[{"href":"https:\/\/medicallab.coreco.es\/de\/wp-json\/wp\/v2\/types\/post"}],"author":[{"embeddable":true,"href":"https:\/\/medicallab.coreco.es\/de\/wp-json\/wp\/v2\/users\/1"}],"replies":[{"embeddable":true,"href":"https:\/\/medicallab.coreco.es\/de\/wp-json\/wp\/v2\/comments?post=1750"}],"version-history":[{"count":1,"href":"https:\/\/medicallab.coreco.es\/de\/wp-json\/wp\/v2\/posts\/1750\/revisions"}],"predecessor-version":[{"id":1767,"href":"https:\/\/medicallab.coreco.es\/de\/wp-json\/wp\/v2\/posts\/1750\/revisions\/1767"}],"wp:featuredmedia":[{"embeddable":true,"href":"https:\/\/medicallab.coreco.es\/de\/wp-json\/wp\/v2\/media\/1782"}],"wp:attachment":[{"href":"https:\/\/medicallab.coreco.es\/de\/wp-json\/wp\/v2\/media?parent=1750"}],"wp:term":[{"taxonomy":"category","embeddable":true,"href":"https:\/\/medicallab.coreco.es\/de\/wp-json\/wp\/v2\/categories?post=1750"},{"taxonomy":"post_tag","embeddable":true,"href":"https:\/\/medicallab.coreco.es\/de\/wp-json\/wp\/v2\/tags?post=1750"}],"curies":[{"name":"wp","href":"https:\/\/api.w.org\/{rel}","templated":true}]}}