{"id":1747,"date":"2021-02-17T10:57:19","date_gmt":"2021-02-17T10:57:19","guid":{"rendered":"http:\/\/medicallab.coreco.es\/?p=1538"},"modified":"2026-07-01T15:53:43","modified_gmt":"2026-07-01T15:53:43","slug":"richtlinie-93-42-und-verordnung-uber-medizinprodukte","status":"publish","type":"post","link":"https:\/\/medicallab.coreco.es\/de\/directiva-93-42-y-reglamento-de-dispositivos-medicos\/","title":{"rendered":"Richtlinie 93\/42 und Verordnung \u00fcber Medizinprodukte"},"content":{"rendered":"<p class=\"wp-block-paragraph\">In diesem Artikel erl\u00e4utern wir, wie der \u00dcbergang von der Richtlinie 93\/42 zur Medizinprodukteverordnung erfolgt und welche neuen Aspekte diese Verordnung f\u00fcr Hersteller von K\u00fchlschr\u00e4nken f\u00fcr medizinische Zwecke mit sich bringt. <\/p>\n\n\n\n<p class=\"wp-block-paragraph\">Die MDR, besser bekannt unter ihrer englischen Abk\u00fcrzung \u201eMedical Devices Regulation\u201c, wird einen Fortschritt bei den Qualit\u00e4tsstandards aller in Europa hergestellten Medizinprodukte bedeuten.<\/p>\n\n\n\n<p class=\"wp-block-paragraph\">Wir bei Coreco arbeiten bereits daran, dass unsere Produkte bei Inkrafttreten der neuen Verordnung den Anforderungen der MDR entsprechen und sofort f\u00fcr den Vertrieb bereitstehen.<\/p>\n\n\n\n<h2 class=\"wp-block-heading\">\u00dcbergang von der Richtlinie 93\/42 zur Medizinprodukteverordnung (MDR)<\/h2>\n\n\n\n<p class=\"wp-block-paragraph\">Das Europ\u00e4ische Parlament hat die neue <a href=\"https:\/\/www.imqiberica.com\/marcado-ce\/reglamento-ue-2017-745-sobre-dispositivos-medicos-mdr\/\" data-type=\"URL\" data-id=\"https:\/\/www.imqiberica.com\/marcado-ce\/reglamento-ue-2017-745-sobre-dispositivos-medicos-mdr\/\">Verordnung \u00fcber Medizinprodukte (MDR).<\/a> Hersteller von Medizinprodukten m\u00fcssen sich in naher Zukunft auf gro\u00dfe Ver\u00e4nderungen einstellen. <\/p>\n\n\n\n<p class=\"wp-block-paragraph\">Die neue EU-Verordnung \u00fcber Medizinprodukte ersetzt die derzeitige Richtlinie \u00fcber Medizinprodukte (93\/42\/EWG) und die Richtlinie \u00fcber aktive implantierbare Medizinprodukte (90\/385\/EWG).<\/p>\n\n\n\n<h4 class=\"wp-block-heading\">\u00dcbergangszeitraum<\/h4>\n\n\n\n<p class=\"wp-block-paragraph\">Die europ\u00e4ische Verordnung \u00fcber Medizinprodukte (MDR) wurde am 5. Mai 2017 ver\u00f6ffentlicht und trat am 25. Mai desselben Jahres in Kraft. F\u00fcr Hersteller bereits zugelassener Medizinprodukte gilt eine \u00dcbergangsfrist von drei Jahren, d. h. bis zum 26. Mai 2020 (verl\u00e4ngert bis zum 26. Mai 2021), um die Anforderungen der Verordnung zu erf\u00fcllen. <\/p>\n\n\n\n<p class=\"wp-block-paragraph\">F\u00fcr einige Hersteller sieht die MDR eine Verl\u00e4ngerung der \u00dcbergangsfrist vor. In diesem Fall d\u00fcrfen die Produkte bis sp\u00e4testens vier Jahre nach Inkrafttreten weiterhin in Verkehr gebracht werden. F\u00fcr die Verl\u00e4ngerung der \u00dcbergangsfrist gelten zus\u00e4tzliche Anforderungen.<\/p>\n\n\n\n<h2 class=\"wp-block-heading\">Die wichtigsten \u00c4nderungen der MDR<\/h2>\n\n\n\n<p class=\"wp-block-paragraph\">Die MDR weicht erheblich von den geltenden EU-Richtlinien f\u00fcr Medizinprodukte ab. Zu den wichtigsten \u00c4nderungen z\u00e4hlen:<\/p>\n\n\n\n<h4 class=\"wp-block-heading\">- Ausweitung des Anwendungsbereichs<\/h4>\n\n\n\n<p class=\"wp-block-paragraph\">Die Definitionen im Bereich der Medizinprodukte werden erheblich erweitert und umfassen k\u00fcnftig beispielsweise auch Produkte ohne medizinischen Zweck, wie farbige Kontaktlinsen, sowie Implantate und Substanzen f\u00fcr \u00e4sthetische Zwecke. <\/p>\n\n\n\n<p class=\"wp-block-paragraph\">Experten gehen davon aus, dass auch Ger\u00e4te zur Vorhersage und Prognose von Krankheitsrisiken in den Anwendungsbereich der Verordnung fallen werden.<\/p>\n\n\n\n<h4 class=\"wp-block-heading\">- Benennung einer qualifizierten Person<\/h4>\n\n\n\n<p class=\"wp-block-paragraph\">Hersteller von Medizinprodukten m\u00fcssen innerhalb ihrer Organisation mindestens eine Person benennen, die letztendlich daf\u00fcr verantwortlich ist, die Einhaltung der Anforderungen der neuen Medizinprodukteverordnung sicherzustellen. <\/p>\n\n\n\n<p class=\"wp-block-paragraph\">Die Organisation muss die spezifischen Qualifikationen dieser Person im Hinblick auf die erforderlichen Aufgaben nachweisen. F\u00fcr sogenannte Kleinunternehmen und Kleinstunternehmen k\u00f6nnen geringere Anforderungen gelten.<\/p>\n\n\n\n<h4 class=\"wp-block-heading\">-Einf\u00fchrung des Systems der einheitlichen Produktnummer<\/h4>\n\n\n\n<p class=\"wp-block-paragraph\">Der Vorschlag f\u00fcr eine Verordnung \u00fcber Medizinprodukte sieht ein System zur eindeutigen Produktkennzeichnung (UDI) vor. Diese Anforderung soll Herstellern und Beh\u00f6rden die R\u00fcckverfolgbarkeit bestimmter Produkte innerhalb der Lieferkette erleichtern und so einen schnellen und wirksamen R\u00fcckruf von Medizinprodukten erm\u00f6glichen, die ein Sicherheitsrisiko darstellen. <\/p>\n\n\n\n<p class=\"wp-block-paragraph\">Au\u00dferdem soll die Europ\u00e4ische Datenbank f\u00fcr Medizinprodukte (EUDAMED) erweitert werden, um den Zugang zu Informationen \u00fcber zugelassene Medizinprodukte zu erleichtern (Anmerkung: Die Einf\u00fchrung von EUDAMED wurde auf Mai 2022 verschoben).<\/p>\n\n\n\n<h4 class=\"wp-block-heading\">-Strenge klinische \u00dcberwachung nach der Markteinf\u00fchrung.<\/h4>\n\n\n\n<p class=\"wp-block-paragraph\">Die neue Verordnung \u00fcber Medizinprodukte erweitert die Zust\u00e4ndigkeiten der benannten Stellen im Bereich der klinischen \u00dcberwachung nach dem Inverkehrbringen. <\/p>\n\n\n\n<p class=\"wp-block-paragraph\">Unangek\u00fcndigte Audits, Stichproben und Produktpr\u00fcfungen st\u00e4rken den EU-Durchsetzungsprozess und tragen dazu bei, das Risiko durch unsichere Medizinprodukte zu verringern. F\u00fcr bestimmte Produktgruppen m\u00fcssen die Hersteller j\u00e4hrliche Berichte \u00fcber die Sicherheit und Leistungsf\u00e4higkeit ihrer Produkte vorlegen.<\/p>\n\n\n\n<h4 class=\"wp-block-heading\">-Technische Daten<\/h4>\n\n\n\n<p class=\"wp-block-paragraph\">Mit der MDR soll das Regelungsinstrument der \u00abgemeinsamen Spezifikationen\u00bb eingef\u00fchrt werden, das es der EU-Kommission oder Expertengruppen erm\u00f6glicht, gemeinsame Spezifikationen zu ver\u00f6ffentlichen, die sowohl f\u00fcr Hersteller als auch f\u00fcr benannte Stellen gelten. Diese gelten parallel zu allen bestehenden harmonisierten Normen.<\/p>\n\n\n\n<h4 class=\"wp-block-heading\">-Einstufung der Produkte nach Risiko, Kontaktdauer und Invasivit\u00e4t<\/h4>\n\n\n\n<p class=\"wp-block-paragraph\">Gem\u00e4\u00df der neuen MDR m\u00fcssen die Hersteller die neuen Klassifizierungsvorschriften \u00fcberpr\u00fcfen und ihre technische Dokumentation entsprechend aktualisieren. Es ist zu beachten, dass Medizinprodukte der Klasse III und implantierbare Medizinprodukte strengeren klinischen Anforderungen unterliegen. Daher unterliegen diese Medizinprodukte einem Kontrollmechanismus f\u00fcr Konformit\u00e4tsbewertungen (Pr\u00fcfverfahren).<\/p>\n\n\n\n<h4 class=\"wp-block-heading\">-Strenge statistische Anforderungen f\u00fcr Medizinprodukte der Klasse III und implantierbare Produkte<\/h4>\n\n\n\n<p class=\"wp-block-paragraph\">Hersteller, die nicht \u00fcber ausreichende klinische Nachweise verf\u00fcgen, um die erforderliche Sicherheit und Leistungsf\u00e4higkeit eines bestimmten Produkts nachzuweisen, sind verpflichtet, klinische Studien durchzuf\u00fchren. Dar\u00fcber hinaus m\u00fcssen die Hersteller klinische Daten erheben und aufbewahren, um m\u00f6gliche Sicherheitsrisiken kontinuierlich zu bewerten.<\/p>\n\n\n\n<h4 class=\"wp-block-heading\">-Systematische klinische Bewertung von Medizinprodukten der Klassen IIa und IIb.<\/h4>\n\n\n\n<p class=\"wp-block-paragraph\">Die Hersteller m\u00fcssen ihre klinische Bewertung erneut durchf\u00fchren. Dabei sind der neue Wortlaut der Verordnung \u00fcber die Gleichwertigkeit von Produkten sowie die Umst\u00e4nde zu ber\u00fccksichtigen, unter denen auf eine klinische Bewertung rechtm\u00e4\u00dfig verzichtet werden kann.<\/p>\n\n\n\n<h4 class=\"wp-block-heading\">-Ohne erworbene Rechte<\/h4>\n\n\n\n<p class=\"wp-block-paragraph\">Gem\u00e4\u00df der MDR m\u00fcssen alle derzeit zugelassenen Medizinprodukte erneut gepr\u00fcft und gem\u00e4\u00df den neuen Anforderungen zertifiziert werden.&nbsp;<\/p>\n\n\n\n<h2 class=\"wp-block-heading\">Erleben Sie Coreco<\/h2>\n\n\n\n<p class=\"wp-block-paragraph\">Wir hoffen, dass dieser kurze Artikel Ihnen einige interessante Informationen geliefert hat. <\/p>\n\n\n\n<p class=\"wp-block-paragraph\">Sollten Sie technische Fragen zu den Vorschriften oder zu den Produkten haben, z\u00f6gern Sie bitte nicht, uns \u00fcber folgende Kontaktdaten zu kontaktieren: <a href=\"mailto:info@coreco.es\">info@coreco.es<\/a><\/p>\n\n\n\n<p class=\"wp-block-paragraph\">Wenn Sie unseren Katalog herunterladen m\u00f6chten, klicken Sie bitte<a href=\"https:\/\/medicallab.coreco.es\/de\/catalogo\/\" data-type=\"URL\" data-id=\"https:\/\/medicallab.coreco.es\/catalogo\/\"> Klicken Sie auf diese Zeile<\/a> die Sie zu unserem Download-Bereich f\u00fchrt<\/p>","protected":false},"excerpt":{"rendered":"<p>Richtlinie 93\/42 und Verordnung \u00fcber Medizinprodukte<\/p>","protected":false},"author":1,"featured_media":1779,"comment_status":"open","ping_status":"open","sticky":false,"template":"","format":"standard","meta":{"_acf_changed":false,"site-sidebar-layout":"default","site-content-layout":"","ast-site-content-layout":"default","site-content-style":"default","site-sidebar-style":"default","ast-global-header-display":"","ast-banner-title-visibility":"","ast-main-header-display":"","ast-hfb-above-header-display":"","ast-hfb-below-header-display":"","ast-hfb-mobile-header-display":"","site-post-title":"","ast-breadcrumbs-content":"","ast-featured-img":"","footer-sml-layout":"","ast-disable-related-posts":"","theme-transparent-header-meta":"","adv-header-id-meta":"","stick-header-meta":"","header-above-stick-meta":"","header-main-stick-meta":"","header-below-stick-meta":"","astra-migrate-meta-layouts":"default","ast-page-background-enabled":"default","ast-page-background-meta":{"desktop":{"background-color":"var(--ast-global-color-5)","background-image":"","background-repeat":"repeat","background-position":"center center","background-size":"auto","background-attachment":"scroll","background-type":"","background-media":"","overlay-type":"","overlay-color":"","overlay-opacity":"","overlay-gradient":""},"tablet":{"background-color":"","background-image":"","background-repeat":"repeat","background-position":"center center","background-size":"auto","background-attachment":"scroll","background-type":"","background-media":"","overlay-type":"","overlay-color":"","overlay-opacity":"","overlay-gradient":""},"mobile":{"background-color":"","background-image":"","background-repeat":"repeat","background-position":"center center","background-size":"auto","background-attachment":"scroll","background-type":"","background-media":"","overlay-type":"","overlay-color":"","overlay-opacity":"","overlay-gradient":""}},"ast-content-background-meta":{"desktop":{"background-color":"var(--ast-global-color-4)","background-image":"","background-repeat":"repeat","background-position":"center center","background-size":"auto","background-attachment":"scroll","background-type":"","background-media":"","overlay-type":"","overlay-color":"","overlay-opacity":"","overlay-gradient":""},"tablet":{"background-color":"var(--ast-global-color-4)","background-image":"","background-repeat":"repeat","background-position":"center center","background-size":"auto","background-attachment":"scroll","background-type":"","background-media":"","overlay-type":"","overlay-color":"","overlay-opacity":"","overlay-gradient":""},"mobile":{"background-color":"var(--ast-global-color-4)","background-image":"","background-repeat":"repeat","background-position":"center center","background-size":"auto","background-attachment":"scroll","background-type":"","background-media":"","overlay-type":"","overlay-color":"","overlay-opacity":"","overlay-gradient":""}},"footnotes":""},"categories":[9],"tags":[],"class_list":["post-1747","post","type-post","status-publish","format-standard","has-post-thumbnail","hentry","category-sin-categoria"],"acf":[],"yoast_head":"<!-- This site is optimized with the Yoast SEO Premium plugin v28.1 (Yoast SEO v28.1) - https:\/\/yoast.com\/product\/yoast-seo-premium-wordpress\/ -->\n<title>Directiva 93\/42 y Reglamento de Dispositivos M\u00e9dicos | Medical Lab<\/title>\n<meta name=\"description\" content=\"Si quiere saber m\u00e1s sobre la transici\u00f3n de Directiva 93\/42 al Reglamento de Dispositivos M\u00e9dicos, en este art\u00edculo hablamos sobre ello\" \/>\n<meta name=\"robots\" content=\"index, follow, max-snippet:-1, max-image-preview:large, max-video-preview:-1\" \/>\n<link rel=\"canonical\" href=\"https:\/\/medicallab.coreco.es\/de\/richtlinie-93-42-und-verordnung-uber-medizinprodukte\/\" \/>\n<meta property=\"og:locale\" content=\"de_DE\" \/>\n<meta property=\"og:type\" content=\"article\" \/>\n<meta property=\"og:title\" content=\"Directiva 93\/42 y Reglamento de Dispositivos M\u00e9dicos\" \/>\n<meta property=\"og:description\" content=\"Si quiere saber m\u00e1s sobre la transici\u00f3n de Directiva 93\/42 al Reglamento de Dispositivos M\u00e9dicos, en este art\u00edculo hablamos sobre ello\" \/>\n<meta property=\"og:url\" content=\"https:\/\/medicallab.coreco.es\/de\/richtlinie-93-42-und-verordnung-uber-medizinprodukte\/\" \/>\n<meta property=\"og:site_name\" content=\"Medical Lab\" \/>\n<meta property=\"article:published_time\" content=\"2021-02-17T10:57:19+00:00\" \/>\n<meta property=\"article:modified_time\" content=\"2026-07-01T15:53:43+00:00\" \/>\n<meta property=\"og:image\" content=\"https:\/\/medical2026.3wstudiopro.com\/wp-content\/uploads\/2026\/07\/Tubos-laboratory-1.jpg_2K_202607011727.webp\" \/>\n\t<meta property=\"og:image:width\" content=\"1920\" \/>\n\t<meta property=\"og:image:height\" content=\"1072\" \/>\n\t<meta property=\"og:image:type\" content=\"image\/webp\" \/>\n<meta name=\"author\" content=\"jesus\" \/>\n<meta name=\"twitter:card\" content=\"summary_large_image\" \/>\n<meta name=\"twitter:label1\" content=\"Verfasst von\" \/>\n\t<meta name=\"twitter:data1\" content=\"jesus\" \/>\n\t<meta name=\"twitter:label2\" content=\"Gesch\u00e4tzte Lesezeit\" \/>\n\t<meta name=\"twitter:data2\" content=\"5\u00a0Minuten\" \/>\n<script type=\"application\/ld+json\" class=\"yoast-schema-graph\">{\"@context\":\"https:\\\/\\\/schema.org\",\"@graph\":[{\"@type\":\"Article\",\"@id\":\"https:\\\/\\\/medicallab.coreco.es\\\/directiva-93-42-y-reglamento-de-dispositivos-medicos\\\/#article\",\"isPartOf\":{\"@id\":\"https:\\\/\\\/medicallab.coreco.es\\\/directiva-93-42-y-reglamento-de-dispositivos-medicos\\\/\"},\"author\":{\"name\":\"jesus\",\"@id\":\"https:\\\/\\\/medicallab.coreco.es\\\/#\\\/schema\\\/person\\\/101ce523c59b70675314a1bb9e262938\"},\"headline\":\"Directiva 93\\\/42 y Reglamento de Dispositivos M\u00e9dicos\",\"datePublished\":\"2021-02-17T10:57:19+00:00\",\"dateModified\":\"2026-07-01T15:53:43+00:00\",\"mainEntityOfPage\":{\"@id\":\"https:\\\/\\\/medicallab.coreco.es\\\/directiva-93-42-y-reglamento-de-dispositivos-medicos\\\/\"},\"wordCount\":1032,\"commentCount\":0,\"publisher\":{\"@id\":\"https:\\\/\\\/medicallab.coreco.es\\\/#organization\"},\"image\":{\"@id\":\"https:\\\/\\\/medicallab.coreco.es\\\/directiva-93-42-y-reglamento-de-dispositivos-medicos\\\/#primaryimage\"},\"thumbnailUrl\":\"https:\\\/\\\/medicallab.coreco.es\\\/wp-content\\\/uploads\\\/2026\\\/07\\\/Tubos-laboratory-1.jpg_2K_202607011727.webp\",\"articleSection\":[\"Sin categor\u00eda\"],\"inLanguage\":\"de\",\"potentialAction\":[{\"@type\":\"CommentAction\",\"name\":\"Comment\",\"target\":[\"https:\\\/\\\/medicallab.coreco.es\\\/directiva-93-42-y-reglamento-de-dispositivos-medicos\\\/#respond\"]}]},{\"@type\":\"WebPage\",\"@id\":\"https:\\\/\\\/medicallab.coreco.es\\\/directiva-93-42-y-reglamento-de-dispositivos-medicos\\\/\",\"url\":\"https:\\\/\\\/medicallab.coreco.es\\\/directiva-93-42-y-reglamento-de-dispositivos-medicos\\\/\",\"name\":\"Directiva 93\\\/42 y Reglamento de Dispositivos M\u00e9dicos | Medical Lab\",\"isPartOf\":{\"@id\":\"https:\\\/\\\/medicallab.coreco.es\\\/#website\"},\"primaryImageOfPage\":{\"@id\":\"https:\\\/\\\/medicallab.coreco.es\\\/directiva-93-42-y-reglamento-de-dispositivos-medicos\\\/#primaryimage\"},\"image\":{\"@id\":\"https:\\\/\\\/medicallab.coreco.es\\\/directiva-93-42-y-reglamento-de-dispositivos-medicos\\\/#primaryimage\"},\"thumbnailUrl\":\"https:\\\/\\\/medicallab.coreco.es\\\/wp-content\\\/uploads\\\/2026\\\/07\\\/Tubos-laboratory-1.jpg_2K_202607011727.webp\",\"datePublished\":\"2021-02-17T10:57:19+00:00\",\"dateModified\":\"2026-07-01T15:53:43+00:00\",\"description\":\"Si quiere saber m\u00e1s sobre la transici\u00f3n de Directiva 93\\\/42 al Reglamento de Dispositivos M\u00e9dicos, en este art\u00edculo hablamos sobre ello\",\"breadcrumb\":{\"@id\":\"https:\\\/\\\/medicallab.coreco.es\\\/directiva-93-42-y-reglamento-de-dispositivos-medicos\\\/#breadcrumb\"},\"inLanguage\":\"de\",\"potentialAction\":[{\"@type\":\"ReadAction\",\"target\":[\"https:\\\/\\\/medicallab.coreco.es\\\/directiva-93-42-y-reglamento-de-dispositivos-medicos\\\/\"]}]},{\"@type\":\"ImageObject\",\"inLanguage\":\"de\",\"@id\":\"https:\\\/\\\/medicallab.coreco.es\\\/directiva-93-42-y-reglamento-de-dispositivos-medicos\\\/#primaryimage\",\"url\":\"https:\\\/\\\/medicallab.coreco.es\\\/wp-content\\\/uploads\\\/2026\\\/07\\\/Tubos-laboratory-1.jpg_2K_202607011727.webp\",\"contentUrl\":\"https:\\\/\\\/medicallab.coreco.es\\\/wp-content\\\/uploads\\\/2026\\\/07\\\/Tubos-laboratory-1.jpg_2K_202607011727.webp\",\"width\":1920,\"height\":1072},{\"@type\":\"BreadcrumbList\",\"@id\":\"https:\\\/\\\/medicallab.coreco.es\\\/directiva-93-42-y-reglamento-de-dispositivos-medicos\\\/#breadcrumb\",\"itemListElement\":[{\"@type\":\"ListItem\",\"position\":1,\"name\":\"Portada\",\"item\":\"https:\\\/\\\/medicallab.coreco.es\\\/\"},{\"@type\":\"ListItem\",\"position\":2,\"name\":\"Directiva 93\\\/42 y Reglamento de Dispositivos M\u00e9dicos\"}]},{\"@type\":\"WebSite\",\"@id\":\"https:\\\/\\\/medicallab.coreco.es\\\/#website\",\"url\":\"https:\\\/\\\/medicallab.coreco.es\\\/\",\"name\":\"CORECO Medical Lab\",\"description\":\"Medical Lab\",\"publisher\":{\"@id\":\"https:\\\/\\\/medicallab.coreco.es\\\/#organization\"},\"alternateName\":\"CORECO Medical Lab\",\"potentialAction\":[{\"@type\":\"SearchAction\",\"target\":{\"@type\":\"EntryPoint\",\"urlTemplate\":\"https:\\\/\\\/medicallab.coreco.es\\\/?s={search_term_string}\"},\"query-input\":{\"@type\":\"PropertyValueSpecification\",\"valueRequired\":true,\"valueName\":\"search_term_string\"}}],\"inLanguage\":\"de\"},{\"@type\":\"Organization\",\"@id\":\"https:\\\/\\\/medicallab.coreco.es\\\/#organization\",\"name\":\"CORECO Medical Lab\",\"url\":\"https:\\\/\\\/medicallab.coreco.es\\\/\",\"logo\":{\"@type\":\"ImageObject\",\"inLanguage\":\"de\",\"@id\":\"https:\\\/\\\/medicallab.coreco.es\\\/#\\\/schema\\\/logo\\\/image\\\/\",\"url\":\"https:\\\/\\\/medicallab.coreco.es\\\/wp-content\\\/uploads\\\/2026\\\/03\\\/cropped-FAVICON.webp\",\"contentUrl\":\"https:\\\/\\\/medicallab.coreco.es\\\/wp-content\\\/uploads\\\/2026\\\/03\\\/cropped-FAVICON.webp\",\"width\":512,\"height\":512,\"caption\":\"CORECO Medical Lab\"},\"image\":{\"@id\":\"https:\\\/\\\/medicallab.coreco.es\\\/#\\\/schema\\\/logo\\\/image\\\/\"},\"description\":\"CORECO es una empresa fundada en 1986 dedicada al desarrollo y fabricaci\u00f3n de equipamiento para el amplio mercado hostelero. A lo largo de su historia, se ha caracterizado por una continua evoluci\u00f3n tecnol\u00f3gica y un gran crecimiento empresarial enfocado en ofrecer opciones eficaces y con garant\u00edas a los clientes m\u00e1s exigentes. Puntos clave de la empresa:Enfoque Ecol\u00f3gico y Eficiente: Sus productos est\u00e1n dise\u00f1ados para tener una gran eficiencia energ\u00e9tica, ser respetuosos con la conservaci\u00f3n del medio ambiente y ayudar al usuario final a reducir los costes de uso y mantenimiento. Calidad Certificada: Cuentan con procesos de fabricaci\u00f3n certificados bajo la norma internacional ISO 14001 y someten sus equipos a estrictos procesos de ensayo acordes a las directivas y regulaciones internacionales. Tecnolog\u00eda Avanzada: En la fabricaci\u00f3n de sus equipos emplean componentes de alto rendimiento, entre los que destacan:Refrigerantes hidrocarburos (R290 y R600a). Gesti\u00f3n electr\u00f3nica para el control de temperatura, descarches y condensaci\u00f3n. Aislamiento de poliuretano de alta densidad (40 Kg\\\/m\u00b3). Compresores, ventiladores de alto rendimiento e iluminaci\u00f3n LED.Puertas de cristal con tratamientos bajo-emisivos y barreras t\u00e9rmicas por gas inerte.\",\"email\":\"info@coreco.es\",\"telephone\":\"+34 957 50 22 75\",\"legalName\":\"CORECO S.A.\"},{\"@type\":\"Person\",\"@id\":\"https:\\\/\\\/medicallab.coreco.es\\\/#\\\/schema\\\/person\\\/101ce523c59b70675314a1bb9e262938\",\"name\":\"jesus\",\"image\":{\"@type\":\"ImageObject\",\"inLanguage\":\"de\",\"@id\":\"https:\\\/\\\/medicallab.coreco.es\\\/wp-content\\\/litespeed\\\/avatar\\\/653694bef48abce83a847738b36d597a.jpg?ver=1787676785\",\"url\":\"https:\\\/\\\/medicallab.coreco.es\\\/wp-content\\\/litespeed\\\/avatar\\\/653694bef48abce83a847738b36d597a.jpg?ver=1787676785\",\"contentUrl\":\"https:\\\/\\\/medicallab.coreco.es\\\/wp-content\\\/litespeed\\\/avatar\\\/653694bef48abce83a847738b36d597a.jpg?ver=1787676785\",\"caption\":\"jesus\"},\"sameAs\":[\"https:\\\/\\\/medicallab.coreco.es\"],\"url\":\"https:\\\/\\\/medicallab.coreco.es\\\/de\\\/author\\\/jesus\\\/\"}]}<\/script>\n<!-- \/ Yoast SEO Premium plugin. -->","yoast_head_json":{"title":"Richtlinie 93\/42 und Verordnung \u00fcber Medizinprodukte | Medical Lab","description":"Wenn Sie mehr \u00fcber den \u00dcbergang von der Richtlinie 93\/42 zur Medizinprodukteverordnung erfahren m\u00f6chten, finden Sie in diesem Artikel weitere Informationen dazu.","robots":{"index":"index","follow":"follow","max-snippet":"max-snippet:-1","max-image-preview":"max-image-preview:large","max-video-preview":"max-video-preview:-1"},"canonical":"https:\/\/medicallab.coreco.es\/de\/richtlinie-93-42-und-verordnung-uber-medizinprodukte\/","og_locale":"de_DE","og_type":"article","og_title":"Directiva 93\/42 y Reglamento de Dispositivos M\u00e9dicos","og_description":"Si quiere saber m\u00e1s sobre la transici\u00f3n de Directiva 93\/42 al Reglamento de Dispositivos M\u00e9dicos, en este art\u00edculo hablamos sobre ello","og_url":"https:\/\/medicallab.coreco.es\/de\/richtlinie-93-42-und-verordnung-uber-medizinprodukte\/","og_site_name":"Medical Lab","article_published_time":"2021-02-17T10:57:19+00:00","article_modified_time":"2026-07-01T15:53:43+00:00","og_image":[{"width":1920,"height":1072,"url":"https:\/\/medical2026.3wstudiopro.com\/wp-content\/uploads\/2026\/07\/Tubos-laboratory-1.jpg_2K_202607011727.webp","type":"image\/webp"}],"author":"jesus","twitter_card":"summary_large_image","twitter_misc":{"Verfasst von":"jesus","Gesch\u00e4tzte Lesezeit":"5\u00a0Minuten"},"schema":{"@context":"https:\/\/schema.org","@graph":[{"@type":"Article","@id":"https:\/\/medicallab.coreco.es\/directiva-93-42-y-reglamento-de-dispositivos-medicos\/#article","isPartOf":{"@id":"https:\/\/medicallab.coreco.es\/directiva-93-42-y-reglamento-de-dispositivos-medicos\/"},"author":{"name":"jesus","@id":"https:\/\/medicallab.coreco.es\/#\/schema\/person\/101ce523c59b70675314a1bb9e262938"},"headline":"Directiva 93\/42 y Reglamento de Dispositivos M\u00e9dicos","datePublished":"2021-02-17T10:57:19+00:00","dateModified":"2026-07-01T15:53:43+00:00","mainEntityOfPage":{"@id":"https:\/\/medicallab.coreco.es\/directiva-93-42-y-reglamento-de-dispositivos-medicos\/"},"wordCount":1032,"commentCount":0,"publisher":{"@id":"https:\/\/medicallab.coreco.es\/#organization"},"image":{"@id":"https:\/\/medicallab.coreco.es\/directiva-93-42-y-reglamento-de-dispositivos-medicos\/#primaryimage"},"thumbnailUrl":"https:\/\/medicallab.coreco.es\/wp-content\/uploads\/2026\/07\/Tubos-laboratory-1.jpg_2K_202607011727.webp","articleSection":["Sin categor\u00eda"],"inLanguage":"de","potentialAction":[{"@type":"CommentAction","name":"Comment","target":["https:\/\/medicallab.coreco.es\/directiva-93-42-y-reglamento-de-dispositivos-medicos\/#respond"]}]},{"@type":"WebPage","@id":"https:\/\/medicallab.coreco.es\/directiva-93-42-y-reglamento-de-dispositivos-medicos\/","url":"https:\/\/medicallab.coreco.es\/directiva-93-42-y-reglamento-de-dispositivos-medicos\/","name":"Richtlinie 93\/42 und Verordnung \u00fcber Medizinprodukte | Medical Lab","isPartOf":{"@id":"https:\/\/medicallab.coreco.es\/#website"},"primaryImageOfPage":{"@id":"https:\/\/medicallab.coreco.es\/directiva-93-42-y-reglamento-de-dispositivos-medicos\/#primaryimage"},"image":{"@id":"https:\/\/medicallab.coreco.es\/directiva-93-42-y-reglamento-de-dispositivos-medicos\/#primaryimage"},"thumbnailUrl":"https:\/\/medicallab.coreco.es\/wp-content\/uploads\/2026\/07\/Tubos-laboratory-1.jpg_2K_202607011727.webp","datePublished":"2021-02-17T10:57:19+00:00","dateModified":"2026-07-01T15:53:43+00:00","description":"Wenn Sie mehr \u00fcber den \u00dcbergang von der Richtlinie 93\/42 zur Medizinprodukteverordnung erfahren m\u00f6chten, finden Sie in diesem Artikel weitere Informationen dazu.","breadcrumb":{"@id":"https:\/\/medicallab.coreco.es\/directiva-93-42-y-reglamento-de-dispositivos-medicos\/#breadcrumb"},"inLanguage":"de","potentialAction":[{"@type":"ReadAction","target":["https:\/\/medicallab.coreco.es\/directiva-93-42-y-reglamento-de-dispositivos-medicos\/"]}]},{"@type":"ImageObject","inLanguage":"de","@id":"https:\/\/medicallab.coreco.es\/directiva-93-42-y-reglamento-de-dispositivos-medicos\/#primaryimage","url":"https:\/\/medicallab.coreco.es\/wp-content\/uploads\/2026\/07\/Tubos-laboratory-1.jpg_2K_202607011727.webp","contentUrl":"https:\/\/medicallab.coreco.es\/wp-content\/uploads\/2026\/07\/Tubos-laboratory-1.jpg_2K_202607011727.webp","width":1920,"height":1072},{"@type":"BreadcrumbList","@id":"https:\/\/medicallab.coreco.es\/directiva-93-42-y-reglamento-de-dispositivos-medicos\/#breadcrumb","itemListElement":[{"@type":"ListItem","position":1,"name":"Portada","item":"https:\/\/medicallab.coreco.es\/"},{"@type":"ListItem","position":2,"name":"Directiva 93\/42 y Reglamento de Dispositivos M\u00e9dicos"}]},{"@type":"WebSite","@id":"https:\/\/medicallab.coreco.es\/#website","url":"https:\/\/medicallab.coreco.es\/","name":"CORECO Medical Lab","description":"Medizinisches Labor","publisher":{"@id":"https:\/\/medicallab.coreco.es\/#organization"},"alternateName":"CORECO Medical Lab","potentialAction":[{"@type":"SearchAction","target":{"@type":"EntryPoint","urlTemplate":"https:\/\/medicallab.coreco.es\/?s={search_term_string}"},"query-input":{"@type":"PropertyValueSpecification","valueRequired":true,"valueName":"search_term_string"}}],"inLanguage":"de"},{"@type":"Organization","@id":"https:\/\/medicallab.coreco.es\/#organization","name":"CORECO Medical Lab","url":"https:\/\/medicallab.coreco.es\/","logo":{"@type":"ImageObject","inLanguage":"de","@id":"https:\/\/medicallab.coreco.es\/#\/schema\/logo\/image\/","url":"https:\/\/medicallab.coreco.es\/wp-content\/uploads\/2026\/03\/cropped-FAVICON.webp","contentUrl":"https:\/\/medicallab.coreco.es\/wp-content\/uploads\/2026\/03\/cropped-FAVICON.webp","width":512,"height":512,"caption":"CORECO Medical Lab"},"image":{"@id":"https:\/\/medicallab.coreco.es\/#\/schema\/logo\/image\/"},"description":"CORECO ist ein 1986 gegr\u00fcndetes Unternehmen, das sich der Entwicklung und Herstellung von Ausr\u00fcstung f\u00fcr den breiten Gastronomiemarkt widmet. Im Laufe seiner Geschichte zeichnete es sich durch eine kontinuierliche technologische Weiterentwicklung und ein starkes Unternehmenswachstum aus, wobei der Schwerpunkt darauf lag, den anspruchsvollsten Kunden effiziente und zuverl\u00e4ssige L\u00f6sungen anzubieten. Schwerpunkte des Unternehmens: \u00d6kologischer und effizienter Ansatz: Die Produkte sind auf hohe Energieeffizienz ausgelegt, schonen die Umwelt und helfen dem Endnutzer, Betriebs- und Wartungskosten zu senken. Zertifizierte Qualit\u00e4t: Die Fertigungsprozesse sind nach der internationalen Norm ISO 14001 zertifiziert, und die Ger\u00e4te werden strengen Pr\u00fcfverfahren unterzogen, die den internationalen Richtlinien und Vorschriften entsprechen. Fortschrittliche Technologie: Bei der Herstellung ihrer Ger\u00e4te kommen Hochleistungskomponenten zum Einsatz, darunter insbesondere: Kohlenwasserstoff-K\u00e4ltemittel (R290 und R600a). Elektronische Steuerung f\u00fcr Temperaturregelung, Abtauung und Kondensation. Polyurethan-Isolierung mit hoher Dichte (40 kg\/m\u00b3). Hochleistungskompressoren, Hochleistungsventilatoren und LED-Beleuchtung. Glast\u00fcren mit Low-E-Beschichtung und W\u00e4rmesperren aus Inertgas.","email":"info@coreco.es","telephone":"+34 957 50 22 75","legalName":"CORECO S.A."},{"@type":"Person","@id":"https:\/\/medicallab.coreco.es\/#\/schema\/person\/101ce523c59b70675314a1bb9e262938","name":"Jesus","image":{"@type":"ImageObject","inLanguage":"de","@id":"https:\/\/medicallab.coreco.es\/wp-content\/litespeed\/avatar\/653694bef48abce83a847738b36d597a.jpg?ver=1787676785","url":"https:\/\/medicallab.coreco.es\/wp-content\/litespeed\/avatar\/653694bef48abce83a847738b36d597a.jpg?ver=1787676785","contentUrl":"https:\/\/medicallab.coreco.es\/wp-content\/litespeed\/avatar\/653694bef48abce83a847738b36d597a.jpg?ver=1787676785","caption":"jesus"},"sameAs":["https:\/\/medicallab.coreco.es"],"url":"https:\/\/medicallab.coreco.es\/de\/author\/jesus\/"}]}},"_links":{"self":[{"href":"https:\/\/medicallab.coreco.es\/de\/wp-json\/wp\/v2\/posts\/1747","targetHints":{"allow":["GET"]}}],"collection":[{"href":"https:\/\/medicallab.coreco.es\/de\/wp-json\/wp\/v2\/posts"}],"about":[{"href":"https:\/\/medicallab.coreco.es\/de\/wp-json\/wp\/v2\/types\/post"}],"author":[{"embeddable":true,"href":"https:\/\/medicallab.coreco.es\/de\/wp-json\/wp\/v2\/users\/1"}],"replies":[{"embeddable":true,"href":"https:\/\/medicallab.coreco.es\/de\/wp-json\/wp\/v2\/comments?post=1747"}],"version-history":[{"count":1,"href":"https:\/\/medicallab.coreco.es\/de\/wp-json\/wp\/v2\/posts\/1747\/revisions"}],"predecessor-version":[{"id":1764,"href":"https:\/\/medicallab.coreco.es\/de\/wp-json\/wp\/v2\/posts\/1747\/revisions\/1764"}],"wp:featuredmedia":[{"embeddable":true,"href":"https:\/\/medicallab.coreco.es\/de\/wp-json\/wp\/v2\/media\/1779"}],"wp:attachment":[{"href":"https:\/\/medicallab.coreco.es\/de\/wp-json\/wp\/v2\/media?parent=1747"}],"wp:term":[{"taxonomy":"category","embeddable":true,"href":"https:\/\/medicallab.coreco.es\/de\/wp-json\/wp\/v2\/categories?post=1747"},{"taxonomy":"post_tag","embeddable":true,"href":"https:\/\/medicallab.coreco.es\/de\/wp-json\/wp\/v2\/tags?post=1747"}],"curies":[{"name":"wp","href":"https:\/\/api.w.org\/{rel}","templated":true}]}}