{"id":1745,"date":"2021-03-30T04:55:32","date_gmt":"2021-03-30T04:55:32","guid":{"rendered":"http:\/\/medicallab.coreco.es\/?p=1567"},"modified":"2026-07-01T15:52:46","modified_gmt":"2026-07-01T15:52:46","slug":"umweltfreundliche-kaltemittel-r-290-und-die-f-gas-verordnung","status":"publish","type":"post","link":"https:\/\/medicallab.coreco.es\/de\/refrigerantes-respetuosos-con-el-medio-ambiente-r-290-y-normativa-fgas\/","title":{"rendered":"Umweltfreundliche K\u00e4ltemittel: R 290 und die FGAS-Verordnung."},"content":{"rendered":"<p class=\"wp-block-paragraph\">Heute sprechen wir im Blog von Coreco MedicalLab \u00fcber ein Thema, das in der Branche ein wichtiges Ziel darstellt. Seit Jahrzehnten \u2013 und seitdem man sich dieses gravierenden Problems bewusst geworden ist \u2013 bem\u00fcht sich die Branche um die Entwicklung umweltfreundlicher K\u00e4ltemittel.<\/p>\n\n\n\n<p class=\"wp-block-paragraph\">Mit diesem Artikel m\u00f6chten wir einigen Lesern helfen, die Funktion eines K\u00e4ltemittels und die Funktionsweise des K\u00fchlprozesses besser zu verstehen.<\/p>\n\n\n\n<p class=\"wp-block-paragraph\">Au\u00dferdem werden wir uns ansehen, welche chemischen Verbindungen im Laufe der Geschichte verwendet wurden und wie sich diese weiterentwickelt haben, bis hin zu den umweltfreundlichsten K\u00e4ltemitteln.<\/p>\n\n\n\n<h3 class=\"wp-block-heading\">Der K\u00fchlprozess<\/h3>\n\n\n\n<p class=\"wp-block-paragraph\">Der K\u00fchlprozess basiert auf dem physikalischen Vorgang der Verdampfung, bei dem eine Fl\u00fcssigkeit (ein K\u00e4ltemittel) beim Verdampfen W\u00e4rme aus ihrer Umgebung aufnimmt. <\/p>\n\n\n\n<p class=\"wp-block-paragraph\">Die Menge der abgef\u00fchrten W\u00e4rme und die Effizienz, mit der dies geschieht, h\u00e4ngen von Faktoren wie dem Kompressor, dem Verdampfer, der Isolierung und zu einem gro\u00dfen Teil von der Art des verwendeten K\u00e4ltemittels ab.<\/p>\n\n\n\n<h3 class=\"wp-block-heading\">Eine kurze Geschichte der K\u00e4ltemittel<\/h3>\n\n\n\n<p class=\"wp-block-paragraph\">Die ersten chemischen K\u00e4ltemittel, die \u00fcblicherweise zum Einsatz kamen, waren in der Regel giftig und oft gef\u00e4hrlich.<\/p>\n\n\n\n<h5 class=\"wp-block-heading\">Schwefeldioxid<\/h5>\n\n\n\n<p class=\"wp-block-paragraph\">Schwefeldioxid wird haupts\u00e4chlich zur Herstellung von Schwefels\u00e4ure, als Konservierungsmittel und als Laborreagenz verwendet; in der Umwelt ist es ein bedeutender Luftschadstoff. <\/p>\n\n\n\n<p class=\"wp-block-paragraph\">Bekannt f\u00fcr den Geruch von verbrannten Streichh\u00f6lzern \u2013 in gro\u00dfen Mengen kann eine langfristige Exposition, insbesondere bei Allergikern, schwerwiegende gesundheitliche Folgen haben.<\/p>\n\n\n\n<h5 class=\"wp-block-heading\">Methylchlorid (R40)<\/h5>\n\n\n\n<p class=\"wp-block-paragraph\">Methylchlorid, auch als Chlormethan bekannt, entsteht im Rahmen einiger nat\u00fcrlicher Prozesse, wird jedoch vor allem f\u00fcr industrielle und gewerbliche Zwecke hergestellt. <\/p>\n\n\n\n<p class=\"wp-block-paragraph\">Es tr\u00e4gt in hohem Ma\u00dfe zur Luftverschmutzung bei und ist als K\u00e4ltemittel verboten, wird jedoch weiterhin in einigen chemischen Prozessen verwendet, beispielsweise bei der Herstellung bestimmter Kunststoffe und Herbizide.<\/p>\n\n\n\n<h5 class=\"wp-block-heading\">Ammoniak (R717)<\/h5>\n\n\n\n<p class=\"wp-block-paragraph\">Ammoniak ist nat\u00fcrlich ein weit verbreiteter Haushalts- und Industriechemikalie, die nach wie vor in der industriellen und gewerblichen K\u00e4ltetechnik, in der Schifffahrt und im maritimen Bereich sowie sogar auf der Internationalen Raumstation zum Einsatz kommt. Leider schr\u00e4nken seine Entflammbarkeit und seine Giftigkeit seinen breiten Einsatz ein.<\/p>\n\n\n\n<h5 class=\"wp-block-heading\">R12 und R22 \u2013 Die ersten kommerziellen K\u00e4ltemittel<\/h5>\n\n\n\n<p class=\"wp-block-paragraph\">R12 (Freon-12, oder Dichlordifluormethan) und R22 (Chlordifluormethan) waren zwei der ersten weit verbreiteten teilhalogenierten Fluorchlorkohlenwasserstoffe (HCFC), die in den 1930er Jahren eingef\u00fchrt wurden und sich aufgrund ihrer Nichtentflammbarkeit und hohen Stabilit\u00e4t gro\u00dfer Beliebtheit erfreuten. <\/p>\n\n\n\n<p class=\"wp-block-paragraph\">Diese HCFC-K\u00e4ltemittel wurden so beliebt, weil sie in der Regel nur unter Einwirkung von ultraviolettem Licht abgebaut werden. Als gro\u00dfer Vorteil f\u00fcr die K\u00e4ltetechnik waren sie jahrzehntelang die bevorzugten Verbindungen f\u00fcr K\u00e4lte- und Klimaanlagen.<\/p>\n\n\n\n<h3 class=\"wp-block-heading\">K\u00e4ltemittel und Umweltbelange<\/h3>\n\n\n\n<p class=\"wp-block-paragraph\">Die chemische Beschaffenheit der teilhalogenierten Fluorchlorkohlenwasserstoffe und Fluorkohlenwasserstoffe, die sie zu hervorragenden Kandidaten f\u00fcr die K\u00e4ltetechnik macht, ist zugleich ihr gr\u00f6\u00dfter Nachteil. <\/p>\n\n\n\n<p class=\"wp-block-paragraph\">Leider wurde in den 1970er und 1980er Jahren deutlich, dass das Chlor in FCKW und H-FCKW die Ozonschicht der Erde schwer sch\u00e4digte und zur globalen Erw\u00e4rmung beitrug, indem es mehr W\u00e4rme in der Erdatmosph\u00e4re zur\u00fcckhielt.<\/p>\n\n\n\n<p class=\"wp-block-paragraph\">Als Reaktion darauf wurde im Montrealer Protokoll von 1987 und in den nachfolgenden Vereinbarungen ein Zeitplan f\u00fcr den schrittweisen Ausstieg aus diesen chlorhaltigen K\u00e4ltemitteln festgelegt.<\/p>\n\n\n\n<p class=\"wp-block-paragraph\">Das Tool zum globalen Erw\u00e4rmungspotenzial (GWP) wurde entwickelt, um die Auswirkungen von K\u00e4ltemitteln und anderen chemischen Stoffen auf die Atmosph\u00e4re und die daraus resultierende globale Erw\u00e4rmung zu messen und zu vergleichen.<\/p>\n\n\n\n<p class=\"wp-block-paragraph\">Die Einstufung von K\u00e4ltemitteln nach ihren PCA-Werten erm\u00f6glicht es, sch\u00e4dliche Gase mit hohen PCA-Werten schrittweise aus dem Verkehr zu ziehen und Ersatzstoffe mit niedrigeren PCA-Werten zu f\u00f6rdern. <\/p>\n\n\n\n<p class=\"wp-block-paragraph\">Das System basiert auf Kohlendioxid (CO\u2082), dessen PCA-Wert bei 1 liegt. Dieser Wert gibt an, wie viel W\u00e4rme eine Einheit CO\u2082 der Atmosph\u00e4re \u00fcber einen bestimmten Zeitraum (in der Regel 100 Jahre) zuf\u00fchren w\u00fcrde.<\/p>\n\n\n\n<p class=\"wp-block-paragraph\">Andere Chemikalien und Verbindungen werden \u00fcber denselben Zeitraum mit CO\u2082 verglichen; so w\u00fcrde beispielsweise eine Verbindung mit einem GWP von 12 die Atmosph\u00e4re \u00fcber diesen Zeitraum von 100 Jahren zw\u00f6lfmal st\u00e4rker erw\u00e4rmen als CO\u2082.<\/p>\n\n\n\n<h3 class=\"wp-block-heading\">Die n\u00e4chste Generation der K\u00e4ltetechnik: R134A und R404A<\/h3>\n\n\n\n<p class=\"wp-block-paragraph\">R134A, auch bekannt als 1,1,1,2-Tetrafluorethan oder Norfluran, ist eine Fluorkohlenwasserstoffverbindung, die kein Chlor enth\u00e4lt \u2013 eine der sch\u00e4dlichsten Verbindungen der HCFC-K\u00e4ltemittel \u2013 und die ins Spiel kam, als das Verbot von HCFCs f\u00fcr die K\u00e4ltetechnik geplant wurde.<\/p>\n\n\n\n<p class=\"wp-block-paragraph\">Mit einem GWP-Wert von 1.430 stellt es eine deutliche Verbesserung gegen\u00fcber R12 (GWP 10.200) und R22 (GWP 1.760) dar und hat sich schnell zu einem beliebten Ersatzstoff in K\u00fchlschr\u00e4nken und Fahrzeugklimaanlagen entwickelt.<\/p>\n\n\n\n<p class=\"wp-block-paragraph\">Dar\u00fcber hinaus findet es Anwendung in der Fertigungsindustrie, der Pharmaindustrie und in einer Vielzahl von Druckluftprodukten f\u00fcr Endverbraucher. <\/p>\n\n\n\n<p class=\"wp-block-paragraph\">Das R404A (GWP 3.922) wurde etwa zur gleichen Zeit wie das R134A entwickelt und ist ein HFC-Gemisch, das trotz seines relativ hohen GWP-Werts in der gewerblichen und industriellen K\u00e4ltetechnik weit verbreitet ist.<\/p>\n\n\n\n<h4 class=\"wp-block-heading\">R290 und R600A: umweltfreundliche K\u00e4ltemittel<\/h4>\n\n\n\n<p class=\"wp-block-paragraph\">Die geringe Energieeffizienz, die hohen PCA-Werte und die wachsende Sorge um die Auswirkungen auf die Umwelt \u2013 einschlie\u00dflich der Erkenntnis, dass Fluoride f\u00fcr die Atmosph\u00e4re fast ebenso sch\u00e4dlich sind wie Chlor \u2013 haben die Entwicklung neuer K\u00e4ltemittel vorangetrieben. <\/p>\n\n\n\n<p class=\"wp-block-paragraph\">In ihrem Bestreben, einen GWP-Wert von Null zu erreichen, sind zwei Kohlenwasserstoff-K\u00e4ltemittel als wirksame, sichere und relativ kosteng\u00fcnstige Stoffe in den Vordergrund ger\u00fcckt, die in vielen bestehenden K\u00fchlsystemen mit minimalen Anpassungen eingesetzt werden k\u00f6nnen.<\/p>\n\n\n\n<h5 class=\"wp-block-heading\">Isobutan (R600A)<\/h5>\n\n\n\n<p class=\"wp-block-paragraph\">Das R600A ist stabil und bietet eine \u00e4hnliche Leistung wie seine Vorg\u00e4ngermodelle. Gleichzeitig stellt es hinsichtlich der Umweltbelastung eine enorme Verbesserung dar, da es einen sehr niedrigen GWP-Wert von nur 3 aufweist. <\/p>\n\n\n\n<p class=\"wp-block-paragraph\">Es hat sich zu einem der beliebtesten K\u00e4ltemittel entwickelt, die heute in der privaten, gewerblichen und industriellen K\u00e4ltetechnik zum Einsatz kommen. <\/p>\n\n\n\n<p class=\"wp-block-paragraph\">Da es brennbar ist, eignet es sich nicht unbedingt f\u00fcr die Nachr\u00fcstung \u00e4lterer K\u00fchlsysteme, stellt jedoch eine hervorragende Option f\u00fcr Systeme dar, die speziell f\u00fcr den Einsatz von R600A ausgelegt sind, und ist mit R12 vergleichbar.<\/p>\n\n\n\n<h5 class=\"wp-block-heading\">Isopropan (R290)<\/h5>\n\n\n\n<p class=\"wp-block-paragraph\">Isopropan (GWP 3), eine bekannte, kosteng\u00fcnstige und leicht erh\u00e4ltliche Mischung aus Isobutan und Propan, entwickelt sich zunehmend zu einem Standardk\u00e4ltemittel f\u00fcr den Einsatz in der gewerblichen und industriellen K\u00e4ltetechnik sowie in Spezialanwendungen wie Camping, Freizeitfahrzeugen und der medizinischen und Labork\u00fchlung. Im Allgemeinen ist R290 ein guter Ersatz f\u00fcr R22.<\/p>\n\n\n\n<h3 class=\"wp-block-heading\">Vorteile des Einsatzes umweltfreundlicher K\u00e4ltemittel<\/h3>\n\n\n\n<p class=\"wp-block-paragraph\">Diese neuen K\u00e4ltemittel auf Kohlenwasserstoffbasis sind nicht nur umweltfreundlicher, sondern bieten auch eine Reihe weiterer Vorteile und Einsparm\u00f6glichkeiten.<\/p>\n\n\n\n<h4 class=\"wp-block-heading\">Schnellere Temperaturr\u00fcckstellung<\/h4>\n\n\n\n<p class=\"wp-block-paragraph\">Die h\u00f6here thermodynamische Effizienz bedeutet, dass K\u00e4ltemittel auf Kohlenwasserstoffbasis daf\u00fcr sorgen, dass K\u00fchl- und Gefrierschr\u00e4nke schneller wieder auf die gew\u00fcnschte Temperatur kommen, was die Aufrechterhaltung der entscheidenden stabilen Temperaturen erleichtert.<\/p>\n\n\n\n<h4 class=\"wp-block-heading\">Geringerer Energieverbrauch<\/h4>\n\n\n\n<p class=\"wp-block-paragraph\">Kohlenwasserstoffe bieten eine fast doppelt so hohe K\u00fchleffizienz wie FCKW-K\u00e4ltemittel und k\u00f6nnen bereits mit einer deutlich geringeren F\u00fcllmenge als die bisherigen chemischen K\u00e4ltemittel gut funktionieren. Dank dieser Effizienz k\u00f6nnen kleinere Kompressoren mit weniger Energie betrieben werden. All diese Eigenschaften zusammen k\u00f6nnen zu einem drastisch geringeren Energieverbrauch f\u00fchren.<\/p>\n\n\n\n<h4 class=\"wp-block-heading\">Leicht erh\u00e4ltlich<\/h4>\n\n\n\n<p class=\"wp-block-paragraph\">Da sie bereits zusammen mit Erd\u00f6l gef\u00f6rdert werden und leicht verf\u00fcgbar sind, bieten Kohlenwasserstoffe einen relativ einfach zu beschaffenden Ersatz f\u00fcr weniger geeignete chemische K\u00e4ltemittel.<\/p>\n\n\n\n<h3 class=\"wp-block-heading\">R290: das umweltfreundliche K\u00e4ltemittel<\/h3>\n\n\n\n<h4 class=\"wp-block-heading\">Gr\u00fcnde f\u00fcr die Wahl des K\u00e4ltemittels R290<\/h4>\n\n\n\n<p class=\"wp-block-paragraph\">Genau wie im Hotel- und Gastst\u00e4ttengewerbe werden auch im medizinischen Bereich und in Laboren h\u00e4ufig verschiedene K\u00fchlger\u00e4te eingesetzt, um entweder Lebensmittel oder Medikamente bis zu ihrer Verwendung auf der empfohlenen Temperatur zu halten; dabei m\u00fcssen alle f\u00fcr die gelagerten Produkte geltenden Gesundheitsvorschriften eingehalten werden. <\/p>\n\n\n\n<p class=\"wp-block-paragraph\">\u00c4ltere Ger\u00e4te verursachen einen hohen Stromverbrauch und erfordern eine spezielle Wartung, die f\u00fcr den Endkunden zus\u00e4tzliche Kosten verursachen kann. <\/p>\n\n\n\n<p class=\"wp-block-paragraph\">Diese Art veralteter Anlagen verwendet in der Regel K\u00e4ltemittel, deren Einsatz zur Aufrechterhaltung der eingestellten Temperatur oft mit einer hohen Umweltbelastung einhergeht. <\/p>\n\n\n\n<p class=\"wp-block-paragraph\">Aus all diesen Gr\u00fcnden und zur Einhaltung der F-Gas-Verordnung f\u00fcr fluorierte Gase haben wir uns bei Coreco f\u00fcr das K\u00e4ltemittel R290 entschieden, das derzeit das umweltfreundlichste auf dem Markt ist.<\/p>\n\n\n\n<h4 class=\"wp-block-heading\">Was ist R290?<\/h4>\n\n\n\n<p class=\"wp-block-paragraph\">Das K\u00e4ltemittel R290, auch bekannt als Propan, ist ein m\u00f6glicher Ersatz f\u00fcr andere K\u00e4ltemittel, die in Haushaltsger\u00e4ten wie K\u00fchl- und Gefrierschr\u00e4nken sowie in kleinen gewerblichen Anlagen zum Einsatz kommen. Auf diese Weise minimieren wir auch die Umweltbelastung durch die Verwendung anderer K\u00e4ltemittel, die die Umwelt st\u00e4rker belasten.<\/p>\n\n\n\n<p class=\"wp-block-paragraph\">Der R290 hat ein Potenzial von null f\u00fcr <a href=\"https:\/\/es.wikipedia.org\/wiki\/Potencial_de_agotamiento_del_ozono\" data-type=\"URL\" data-id=\"https:\/\/es.wikipedia.org\/wiki\/Potencial_de_agotamiento_del_ozono\">Ozonabbaupotenzial (ODP) (<strong>Ozonabbaupotenzial<\/strong>)<\/a> und ein Treibhauspotenzial (GWP) (Abk\u00fcrzung f\u00fcr das englische&nbsp;<a href=\"https:\/\/es.wikipedia.org\/wiki\/%C3%8Dndice_GWP\" data-type=\"URL\" data-id=\"https:\/\/es.wikipedia.org\/wiki\/%C3%8Dndice_GWP\"><strong>Treibhauspotenzial<\/strong>&nbsp;\u2013 GWP = Treibhauspotenzial<\/a>) unbedeutend. Da es sich um ein Erd\u00f6lderivat handelt, gilt es als K\u00e4ltemittel mineralischen Ursprungs.<\/p>\n\n\n\n<h4 class=\"wp-block-heading\">Verwendung von R290<\/h4>\n\n\n\n<p class=\"wp-block-paragraph\">R290 wurde fr\u00fcher in K\u00e4lteanlagen eingesetzt und wird in einigen Industrieanlagen nach wie vor verwendet. Praktisch in ganz Europa wurde es in W\u00e4rmepumpen und Haushaltsklimaanlagen eingesetzt, allerdings mit unterschiedlichem Erfolg. <\/p>\n\n\n\n<p class=\"wp-block-paragraph\">Aufgrund seiner weltweiten Verf\u00fcgbarkeit wurde es in gro\u00dfem Umfang als Ersatz f\u00fcr FCKW ausgew\u00e4hlt. <\/p>\n\n\n\n<p class=\"wp-block-paragraph\">Propan (R290) ist aufgrund seiner guten Leistung m\u00f6glicherweise eines der besten K\u00e4ltemittel f\u00fcr diese Art von Anwendungen, muss jedoch aufgrund seiner Entflammbarkeit mit Vorsicht behandelt werden.<\/p>\n\n\n\n<p class=\"wp-block-paragraph\">Entz\u00fcndliche K\u00e4ltemittel sorgen nicht nur f\u00fcr eine erhebliche Reduzierung der direkten Emissionen, sondern steigern auch die Energieeffizienz des K\u00fchlkreislaufs (wodurch indirekte Emissionen gesenkt werden), was einen wichtigen Schritt zur Ersetzung und zum schrittweisen Ausstieg aus den teilhalogenierten Fluorchlorkohlenwasserstoffen (HCFC) und den Fluorkohlenwasserstoffen (HFC) darstellt.<\/p>\n\n\n\n<h4 class=\"wp-block-heading\">Wartung von Anlagen mit R290<\/h4>\n\n\n\n<p class=\"wp-block-paragraph\">Was die Wartung von Ger\u00e4ten mit R290 betrifft, so bieten diese ebenfalls erhebliche Vorteile, da ihre Handhabung sehr einfach ist. <\/p>\n\n\n\n<p class=\"wp-block-paragraph\">Wir empfehlen dir jedoch, dich f\u00fcr den Umgang mit diesem K\u00e4ltemittel stets an einen qualifizierten Kundendienst zu wenden, da es sehr leicht entflammbar ist. <\/p>\n\n\n\n<p class=\"wp-block-paragraph\">Sollten Sie in Ihrer K\u00fcche ein Leck an einem Ger\u00e4t mit R290 feststellen, m\u00fcssen Sie den Raum ausreichend l\u00fcften und einen Feuerl\u00f6scher griffbereit halten. Wenn Sie diese Tipps beachten, werden Sie lange Freude an einem effizienten und umweltfreundlichen Ger\u00e4t haben.<\/p>\n\n\n\n<h4 class=\"wp-block-heading\">Die wichtigsten Vorteile des Einsatzes von R290<\/h4>\n\n\n\n<ul class=\"wp-block-list\"><li>Geringe Schadstoffbelastung<\/li><li>Nahezu keine toxische Wirkung<\/li><li>Bew\u00e4hrte Effizienz<\/li><li>Rentabler<\/li><li>Einfache Wartung<\/li><li>Entspricht der FGAS-Verordnung<\/li><\/ul>\n\n\n\n<p class=\"wp-block-paragraph\">Dies zeigt zwar, dass immer mehr Menschen sich f\u00fcr nat\u00fcrliche K\u00e4ltemittel entscheiden, doch die Supermarktbranche ist aus den folgenden Gr\u00fcnden das n\u00e4chste gro\u00dfe Segment, das von diesem Wandel profitieren wird:<\/p>\n\n\n\n<h4 class=\"wp-block-heading\">Umweltschutz. <\/h4>\n\n\n\n<p class=\"wp-block-paragraph\">Der Einsatz von R-290 reduziert nicht nur die CO\u2082-Emissionen, sondern wirkt sich auch positiv auf die Erw\u00e4rmung der Atmosph\u00e4re aus. Dies ist auf die geringen direkten Emissionen und das \u00e4u\u00dferst niedrige Treibhauspotenzial des K\u00e4ltemittels zur\u00fcckzuf\u00fchren. <\/p>\n\n\n\n<p class=\"wp-block-paragraph\">Zudem kommt es zu einer drastischen Reduzierung indirekter Emissionen, beispielsweise von CO\u2082-Emissionen bei der Stromerzeugung. Dies ist auf die verbesserte Energieeffizienz der Ger\u00e4te zur\u00fcckzuf\u00fchren, die mit R-290 betrieben werden. <\/p>\n\n\n\n<h4 class=\"wp-block-heading\">Leise, effizient und wirtschaftlich. <\/h4>\n\n\n\n<p class=\"wp-block-paragraph\">Das R-290 erh\u00f6ht die Energieeffizienz des Kompressors. Dies f\u00fchrt zu einer deutlichen Verbesserung des Energieverbrauchs, was zweifellos zur Einhaltung der Energiestandards beitr\u00e4gt. Dar\u00fcber hinaus sorgt Propan daf\u00fcr, dass der Ger\u00e4uschpegel in den Arbeitsumgebungen sehr niedrig ist. Dies ist zweifellos von gro\u00dfem Wert in medizinischen Labors. <\/p>\n\n\n\n<h4 class=\"wp-block-heading\">Verl\u00e4ngert die Lebensdauer des Systems. <\/h4>\n\n\n\n<p class=\"wp-block-paragraph\">Die Betriebstemperaturen und -dr\u00fccke, die bei Kompressoren mit diesen K\u00e4ltemitteln zum Einsatz kommen, sind deutlich niedriger als bei R-404A, einem Gemisch mit h\u00f6herem GWP. <\/p>\n\n\n\n<p class=\"wp-block-paragraph\">Das Ergebnis ist eine h\u00f6here Zuverl\u00e4ssigkeit des Kompressors und insgesamt des gesamten Mechanismus aufgrund der geringeren mechanischen Reibung und der geringeren W\u00e4rmekapazit\u00e4t.<\/p>\n\n\n\n<h4 class=\"wp-block-heading\">Der Zeitaufwand und die Kosten f\u00fcr die Wartung werden reduziert. <\/h4>\n\n\n\n<p class=\"wp-block-paragraph\">Mit diesem K\u00e4ltemittel R290 k\u00f6nnen Installateure oder Kunden das K\u00e4ltemittel w\u00e4hrend des Betriebs direkt in die Atmosph\u00e4re ablassen und so Zeit bei der R\u00fcckgewinnung sparen. <\/p>\n\n\n\n<p class=\"wp-block-paragraph\">In jedem Fall darf die Wartung von K\u00fchlanlagen nur von professionellen Installateuren durchgef\u00fchrt werden, die hierf\u00fcr aufgrund der hohen Entflammbarkeit der Anlagen in der Regel geeignetes Werkzeug verwenden.<\/p>\n\n\n\n<h4 class=\"wp-block-heading\">Die Sicherheit des Installateurs und des Kunden hat oberste Priorit\u00e4t. <\/h4>\n\n\n\n<p class=\"wp-block-paragraph\">R290 ist zwar brennbar, doch die Brandgefahr ist sehr gering. Tats\u00e4chlich entspricht die K\u00e4ltemittelmenge in den meisten K\u00fchlschr\u00e4nken in etwa der Menge in einigen wenigen Taschenfeuerzeugen.<\/p>\n\n\n\n<p class=\"wp-block-paragraph\">Zudem ist der gesamte Stromkreis der Kompressoren, die dieses K\u00e4ltemittel verwenden, so ausgelegt, dass die Entstehung von Funken oder Flammen verhindert wird. <\/p>\n\n\n\n<p class=\"wp-block-paragraph\">Da die Kompressoren hermetisch abgedichtet sind, ist die Wahrscheinlichkeit von K\u00e4ltemittelleckagen sehr gering.<\/p>\n\n\n\n<h4 class=\"wp-block-heading\">Vereinfachung f\u00fcr OEM (Original Equipment Manufacturer)<\/h4>\n\n\n\n<p class=\"wp-block-paragraph\">Der R-290 bietet OEMs die M\u00f6glichkeit, ihre SKUs (Lagerhaltungs-Einheiten) zu reduzieren.<\/p>\n\n\n\n<p class=\"wp-block-paragraph\">Dies bietet gute betriebliche L\u00f6sungen, da es sich um ein K\u00e4ltemittel handelt, das sich sehr gut f\u00fcr Anwendungen im niedrigen bis mittleren Temperaturbereich eignet.<\/p>\n\n\n\n<h3 class=\"wp-block-heading\">Reduzierung von Treibhausgasen: die F-Gas-Verordnung.<\/h3>\n\n\n\n<p class=\"wp-block-paragraph\">Wie in der Branche allgemein bekannt ist, zielt die Verordnung (EU) Nr. 517\/2014 (besser bekannt als \u201eF-Gas-Verordnung\u201c) in erster Linie darauf ab, die Umwelt durch die Verringerung der Emissionen fluorierter Treibhausgase zu sch\u00fctzen.<\/p>\n\n\n\n<p class=\"wp-block-paragraph\">Im Zeitraum 2015\u20132030 wird die Gesamtmenge an fluorierten Treibhausgasen (GWP oder PCA auf Spanisch), die in Europa verwendet werden d\u00fcrfen, schrittweise begrenzt, wobei das Ziel darin besteht, die Emissionen auf ein F\u00fcnftel des Ausgangswerts zu senken.<\/p>\n\n\n\n<p class=\"wp-block-paragraph\">Ebenso sieht diese Verordnung nicht nur eine Reihe von Beschr\u00e4nkungen hinsichtlich der Verwendung fluorierter Gase in neuen Anlagen vor, sondern auch bei der Wartung bestehender Anlagen.<\/p>\n\n\n\n<p class=\"wp-block-paragraph\">Ein weiterer Aspekt, der im Rahmen dieser F-GAS-Verordnung zu ber\u00fccksichtigen ist, betrifft die \u00d6kodesign-Vorschriften, in denen Energieeffizienzanforderungen festgelegt sind, um die CO\u2082-Emissionen in die Atmosph\u00e4re zu reduzieren.<\/p>\n\n\n\n<h4 class=\"wp-block-heading\">Szenarien und Alternativen<\/h4>\n\n\n\n<p class=\"wp-block-paragraph\">Angesichts der Weiterentwicklung der Verordnung geht es in erster Linie darum, die Effizienz und Nachhaltigkeit von K\u00fchlanlagen zu verbessern. Dies wird durch einen geringeren Stromverbrauch und den Einsatz umweltfreundlicherer K\u00e4ltemittel erreicht. <\/p>\n\n\n\n<p class=\"wp-block-paragraph\">Die herk\u00f6mmlichen HFCs m\u00fcssen durch K\u00e4ltemittel mit niedrigem GWP und hoher Energieeffizienz ersetzt werden.<\/p>\n\n\n\n<p class=\"wp-block-paragraph\">In diesem Zusammenhang sind die sogenannten \u201cHC-Erdgase\u201d sowie die sogenannten A2L-Gase zu nennen, wobei jedes von ihnen je nach Anwendungsbereich seinen Einsatzbereich findet.<\/p>\n\n\n\n<p class=\"wp-block-paragraph\">Zwar hat sich R32 (A2L) im Bereich der Klimatechnik in Anlagen f\u00fcr das Gastgewerbe, Catering, den Einzelhandel und den Foodservice etabliert, doch sind es R600a und vor allem R290, die als nat\u00fcrliche Alternativgase dazu bestimmt sind, die HFKWs, R134a und R404A zun\u00e4chst und kurzfristig auch die lange Liste von Ersatzstoffen, die den Markt f\u00fcr K\u00e4ltemittel \u00fcberschwemmt haben.<\/p>\n\n\n\n<h4 class=\"wp-block-heading\">Neue Herausforderungen f\u00fcr die Branche<\/h4>\n\n\n\n<p class=\"wp-block-paragraph\">All dies stellt Hersteller, Installateure und Wartungsfachleute vor eine Herausforderung. Bislang werden die Systeme, die wir als traditionell betrachten, durch neue technologische L\u00f6sungen ersetzt.<\/p>\n\n\n\n<p class=\"wp-block-paragraph\">All dies darf sich jedoch nicht negativ auf das Erlebnis des Endkunden auswirken, der neben einer Entlastung f\u00fcr die Umwelt auch eine Senkung seiner Stromrechnung feststellen sollte.<\/p>\n\n\n\n<p class=\"wp-block-paragraph\">Die gesamte Branche muss bei diesem Wandel zusammenarbeiten, damit der Endnutzer in den vollen Genuss aller Vorteile dieser Ver\u00e4nderungen kommt.<\/p>\n\n\n\n<p class=\"wp-block-paragraph\">Es w\u00e4re auch nicht verkehrt, institutionelle Unterst\u00fctzung zu finden, um Modernisierungsprogramme f\u00fcr HORECA-Ger\u00e4te auf den Weg zu bringen, die sicherlich einen Anreiz f\u00fcr die Nutzer darstellen w\u00fcrden, ihre Gastronomieger\u00e4te durch energieeffiziente Modelle zu ersetzen.<\/p>\n\n\n\n<p class=\"wp-block-paragraph\">Eine Senkung des Stromverbrauchs bedeutet f\u00fcr den Endkunden erhebliche Einsparungen, auch wenn die Anfangsinvestition etwas h\u00f6her ausf\u00e4llt. Man muss nur die Daten von Ger\u00e4ten, die vor 10 Jahren hergestellt wurden, mit denen aktueller Ger\u00e4te vergleichen (Grafik).<\/p>\n\n\n\n<h4 class=\"wp-block-heading\">Die notwendige Zusammenarbeit der gesamten Branche<\/h4>\n\n\n\n<p class=\"wp-block-paragraph\">Wie bereits erw\u00e4hnt, wurden die neuen K\u00fchlger\u00e4te neu konzipiert, um die Anforderungen der F-GAS-Verordnung und der \u00d6kodesign-Richtlinie zu erf\u00fcllen. Das bedeutet jedoch nicht, dass wir die Bed\u00fcrfnisse des Endkunden oder des Installateurs aus den Augen verloren h\u00e4tten \u2013 schlie\u00dflich ist es der Installateur, der den Markt am besten einsch\u00e4tzen kann.<\/p>\n\n\n\n<p class=\"wp-block-paragraph\">Installateure und Wartungstechniker sind zu einer Modernisierung verpflichtet, die nun sowohl gesetzlich als auch vom Markt gefordert wird.<\/p>\n\n\n\n<p class=\"wp-block-paragraph\">Es ist stets unerl\u00e4sslich \u2013 und gerade in diesen Zeiten des Wandels \u2013 die Zusammenarbeit zwischen Herstellern, Installateuren und Wartungsfachkr\u00e4ften zu ber\u00fccksichtigen. Auf diese Weise l\u00e4sst sich die Umsetzung der Vorschriften integrierter und kosteneffizienter gestalten.<\/p>\n\n\n\n<p class=\"wp-block-paragraph\">Parallel dazu k\u00f6nnten auch Kommunikationsinitiativen unterst\u00fctzt werden, die darauf abzielen, \u00fcber die Vorteile dieser Ver\u00e4nderungen f\u00fcr den Endkunden zu informieren.<\/p>\n\n\n\n<h4 class=\"wp-block-heading\">Der Hersteller als Berater<\/h4>\n\n\n\n<p class=\"wp-block-paragraph\">In diesem Zusammenhang bieten wir als Hersteller Beratungsdienstleistungen an, um dazu beizutragen, die Auswirkungen dieser Ver\u00e4nderungen auf den Markt so gering wie m\u00f6glich zu halten. <\/p>\n\n\n\n<p class=\"wp-block-paragraph\">Zu unseren Aufgaben geh\u00f6rt es auch, die spezifischen Anforderungen zu planen, die uns die Installateure vorbringen, da der Kostendruck bei der Modernisierung eine Herausforderung f\u00fcr die Umsetzung von Energieeffizienz- und Abgasvorschriften darstellt.<\/p>\n\n\n\n<p class=\"wp-block-paragraph\">Jede Investition muss abgewogen und analysiert werden, doch es gibt Gr\u00fcnde, die f\u00fcr diese Investition sprechen. Auch wenn die Investition h\u00f6her ausf\u00e4llt, wird sie sich durch die Energieeinsparungen und die Einsparungen bei anderen Betriebskosten amortisieren.<\/p>\n\n\n\n<p class=\"wp-block-paragraph\">Es muss ein F\u00f6rderprogramm f\u00fcr die Erneuerung der derzeit im HORECA-Sektor im Einsatz befindlichen Anlagen auf den Weg gebracht werden. Dabei muss es sich um ein Arbeitsprogramm handeln, das es Herstellern und Installateuren erm\u00f6glicht, diese Erneuerungen durchzuf\u00fchren, und Endkunden den Zugang zu zinsg\u00fcnstigen Krediten erm\u00f6glicht.<\/p>\n\n\n\n<h4 class=\"wp-block-heading\">FCKW-freie K\u00fchlung bei allen CORECO-Produkten<\/h4>\n\n\n\n<p class=\"wp-block-paragraph\">Wir bei Coreco sind davon \u00fcberzeugt, dass wir unseren Beitrag zum Schutz unseres Planeten leisten m\u00fcssen, indem wir diese FCKW-freien K\u00e4ltemittel mit geringem Treibhauspotenzial verwenden, die in allen unseren K\u00fchlschr\u00e4nken zum Einsatz kommen.<\/p>\n\n\n\n<p class=\"wp-block-paragraph\"> Auch alle unsere Produkte <a href=\"https:\/\/medicallab.coreco.es\/de\/certificados-de-calidad\/\" data-type=\"URL\" data-id=\"https:\/\/medicallab.coreco.es\/certificados-de-calidad\/\">Sie entsprechen den \u00fcbrigen europ\u00e4ischen Qualit\u00e4tsstandards, wie du unter diesem Link nachlesen kannst. <\/a><\/p>\n\n\n\n<p class=\"wp-block-paragraph\">Unsere mehr als 30-j\u00e4hrige Erfahrung sowie unser Engagement f\u00fcr h\u00f6chste Qualit\u00e4t und Kundenzufriedenheit garantieren Ihnen K\u00fchlanlagen, die allen Anforderungen Ihrer Kunden im Bereich der K\u00fchllagerung gerecht werden. <\/p>\n\n\n\n<p class=\"wp-block-paragraph\">Nehmen Sie noch heute Kontakt mit uns auf, um zu besprechen, was Sie f\u00fcr Ihre Kunden ben\u00f6tigen, und erfahren Sie alles \u00fcber die Neuheiten, die wir in unser Sortiment aufgenommen haben. <\/p>","protected":false},"excerpt":{"rendered":"<p>Umweltfreundliche K\u00e4ltemittel: R 290 und die FGAS-Verordnung.<\/p>","protected":false},"author":1,"featured_media":1784,"comment_status":"open","ping_status":"open","sticky":false,"template":"","format":"standard","meta":{"_acf_changed":false,"site-sidebar-layout":"default","site-content-layout":"","ast-site-content-layout":"default","site-content-style":"default","site-sidebar-style":"default","ast-global-header-display":"","ast-banner-title-visibility":"","ast-main-header-display":"","ast-hfb-above-header-display":"","ast-hfb-below-header-display":"","ast-hfb-mobile-header-display":"","site-post-title":"","ast-breadcrumbs-content":"","ast-featured-img":"","footer-sml-layout":"","ast-disable-related-posts":"","theme-transparent-header-meta":"","adv-header-id-meta":"","stick-header-meta":"","header-above-stick-meta":"","header-main-stick-meta":"","header-below-stick-meta":"","astra-migrate-meta-layouts":"default","ast-page-background-enabled":"default","ast-page-background-meta":{"desktop":{"background-color":"var(--ast-global-color-5)","background-image":"","background-repeat":"repeat","background-position":"center center","background-size":"auto","background-attachment":"scroll","background-type":"","background-media":"","overlay-type":"","overlay-color":"","overlay-opacity":"","overlay-gradient":""},"tablet":{"background-color":"","background-image":"","background-repeat":"repeat","background-position":"center center","background-size":"auto","background-attachment":"scroll","background-type":"","background-media":"","overlay-type":"","overlay-color":"","overlay-opacity":"","overlay-gradient":""},"mobile":{"background-color":"","background-image":"","background-repeat":"repeat","background-position":"center center","background-size":"auto","background-attachment":"scroll","background-type":"","background-media":"","overlay-type":"","overlay-color":"","overlay-opacity":"","overlay-gradient":""}},"ast-content-background-meta":{"desktop":{"background-color":"var(--ast-global-color-4)","background-image":"","background-repeat":"repeat","background-position":"center center","background-size":"auto","background-attachment":"scroll","background-type":"","background-media":"","overlay-type":"","overlay-color":"","overlay-opacity":"","overlay-gradient":""},"tablet":{"background-color":"var(--ast-global-color-4)","background-image":"","background-repeat":"repeat","background-position":"center center","background-size":"auto","background-attachment":"scroll","background-type":"","background-media":"","overlay-type":"","overlay-color":"","overlay-opacity":"","overlay-gradient":""},"mobile":{"background-color":"var(--ast-global-color-4)","background-image":"","background-repeat":"repeat","background-position":"center center","background-size":"auto","background-attachment":"scroll","background-type":"","background-media":"","overlay-type":"","overlay-color":"","overlay-opacity":"","overlay-gradient":""}},"footnotes":""},"categories":[9],"tags":[],"class_list":["post-1745","post","type-post","status-publish","format-standard","has-post-thumbnail","hentry","category-sin-categoria"],"acf":[],"yoast_head":"<!-- This site is optimized with the Yoast SEO Premium plugin v28.1 (Yoast SEO v28.1) - https:\/\/yoast.com\/product\/yoast-seo-premium-wordpress\/ -->\n<title>Refrigerantes respetuosos con el medio ambiente | Coreco Medical Lab<\/title>\n<meta name=\"description\" content=\"En este art\u00edculo podr\u00e1s conocer un poco m\u00e1s a fondo sobre refrigerantes respetuosos con el medio ambiente como es el R 290 y toda la Normativa FGAS.\" \/>\n<meta name=\"robots\" content=\"index, follow, max-snippet:-1, max-image-preview:large, max-video-preview:-1\" \/>\n<link rel=\"canonical\" href=\"https:\/\/medicallab.coreco.es\/de\/umweltfreundliche-kaltemittel-r-290-und-die-f-gas-verordnung\/\" \/>\n<meta property=\"og:locale\" content=\"de_DE\" \/>\n<meta property=\"og:type\" content=\"article\" \/>\n<meta property=\"og:title\" content=\"Refrigerantes respetuosos con el medio ambiente: R 290 y Normativa FGAS.\" \/>\n<meta property=\"og:description\" content=\"En este art\u00edculo podr\u00e1s conocer un poco m\u00e1s a fondo sobre refrigerantes respetuosos con el medio ambiente como es el R 290 y toda la Normativa FGAS.\" \/>\n<meta property=\"og:url\" content=\"https:\/\/medicallab.coreco.es\/de\/umweltfreundliche-kaltemittel-r-290-und-die-f-gas-verordnung\/\" \/>\n<meta property=\"og:site_name\" content=\"Medical Lab\" \/>\n<meta property=\"article:published_time\" content=\"2021-03-30T04:55:32+00:00\" \/>\n<meta property=\"article:modified_time\" content=\"2026-07-01T15:52:46+00:00\" \/>\n<meta property=\"og:image\" content=\"https:\/\/medical2026.3wstudiopro.com\/wp-content\/uploads\/2026\/07\/CP-Letrero-Green.jpg_2K_202607011707.webp\" \/>\n\t<meta property=\"og:image:width\" content=\"1920\" \/>\n\t<meta property=\"og:image:height\" content=\"1072\" \/>\n\t<meta property=\"og:image:type\" content=\"image\/webp\" \/>\n<meta name=\"author\" content=\"jesus\" \/>\n<meta name=\"twitter:card\" content=\"summary_large_image\" \/>\n<meta name=\"twitter:label1\" content=\"Verfasst von\" \/>\n\t<meta name=\"twitter:data1\" content=\"jesus\" \/>\n\t<meta name=\"twitter:label2\" content=\"Gesch\u00e4tzte Lesezeit\" \/>\n\t<meta name=\"twitter:data2\" content=\"14\u00a0Minuten\" \/>\n<script type=\"application\/ld+json\" class=\"yoast-schema-graph\">{\"@context\":\"https:\\\/\\\/schema.org\",\"@graph\":[{\"@type\":\"Article\",\"@id\":\"https:\\\/\\\/medicallab.coreco.es\\\/refrigerantes-respetuosos-con-el-medio-ambiente-r-290-y-normativa-fgas\\\/#article\",\"isPartOf\":{\"@id\":\"https:\\\/\\\/medicallab.coreco.es\\\/refrigerantes-respetuosos-con-el-medio-ambiente-r-290-y-normativa-fgas\\\/\"},\"author\":{\"name\":\"jesus\",\"@id\":\"https:\\\/\\\/medicallab.coreco.es\\\/#\\\/schema\\\/person\\\/101ce523c59b70675314a1bb9e262938\"},\"headline\":\"Refrigerantes respetuosos con el medio ambiente: R 290 y Normativa FGAS.\",\"datePublished\":\"2021-03-30T04:55:32+00:00\",\"dateModified\":\"2026-07-01T15:52:46+00:00\",\"mainEntityOfPage\":{\"@id\":\"https:\\\/\\\/medicallab.coreco.es\\\/refrigerantes-respetuosos-con-el-medio-ambiente-r-290-y-normativa-fgas\\\/\"},\"wordCount\":3292,\"commentCount\":0,\"publisher\":{\"@id\":\"https:\\\/\\\/medicallab.coreco.es\\\/#organization\"},\"image\":{\"@id\":\"https:\\\/\\\/medicallab.coreco.es\\\/refrigerantes-respetuosos-con-el-medio-ambiente-r-290-y-normativa-fgas\\\/#primaryimage\"},\"thumbnailUrl\":\"https:\\\/\\\/medicallab.coreco.es\\\/wp-content\\\/uploads\\\/2026\\\/07\\\/CP-Letrero-Green.jpg_2K_202607011707.webp\",\"articleSection\":[\"Sin categor\u00eda\"],\"inLanguage\":\"de\",\"potentialAction\":[{\"@type\":\"CommentAction\",\"name\":\"Comment\",\"target\":[\"https:\\\/\\\/medicallab.coreco.es\\\/refrigerantes-respetuosos-con-el-medio-ambiente-r-290-y-normativa-fgas\\\/#respond\"]}]},{\"@type\":\"WebPage\",\"@id\":\"https:\\\/\\\/medicallab.coreco.es\\\/refrigerantes-respetuosos-con-el-medio-ambiente-r-290-y-normativa-fgas\\\/\",\"url\":\"https:\\\/\\\/medicallab.coreco.es\\\/refrigerantes-respetuosos-con-el-medio-ambiente-r-290-y-normativa-fgas\\\/\",\"name\":\"Refrigerantes respetuosos con el medio ambiente | Coreco Medical Lab\",\"isPartOf\":{\"@id\":\"https:\\\/\\\/medicallab.coreco.es\\\/#website\"},\"primaryImageOfPage\":{\"@id\":\"https:\\\/\\\/medicallab.coreco.es\\\/refrigerantes-respetuosos-con-el-medio-ambiente-r-290-y-normativa-fgas\\\/#primaryimage\"},\"image\":{\"@id\":\"https:\\\/\\\/medicallab.coreco.es\\\/refrigerantes-respetuosos-con-el-medio-ambiente-r-290-y-normativa-fgas\\\/#primaryimage\"},\"thumbnailUrl\":\"https:\\\/\\\/medicallab.coreco.es\\\/wp-content\\\/uploads\\\/2026\\\/07\\\/CP-Letrero-Green.jpg_2K_202607011707.webp\",\"datePublished\":\"2021-03-30T04:55:32+00:00\",\"dateModified\":\"2026-07-01T15:52:46+00:00\",\"description\":\"En este art\u00edculo podr\u00e1s conocer un poco m\u00e1s a fondo sobre refrigerantes respetuosos con el medio ambiente como es el R 290 y toda la Normativa FGAS.\",\"breadcrumb\":{\"@id\":\"https:\\\/\\\/medicallab.coreco.es\\\/refrigerantes-respetuosos-con-el-medio-ambiente-r-290-y-normativa-fgas\\\/#breadcrumb\"},\"inLanguage\":\"de\",\"potentialAction\":[{\"@type\":\"ReadAction\",\"target\":[\"https:\\\/\\\/medicallab.coreco.es\\\/refrigerantes-respetuosos-con-el-medio-ambiente-r-290-y-normativa-fgas\\\/\"]}]},{\"@type\":\"ImageObject\",\"inLanguage\":\"de\",\"@id\":\"https:\\\/\\\/medicallab.coreco.es\\\/refrigerantes-respetuosos-con-el-medio-ambiente-r-290-y-normativa-fgas\\\/#primaryimage\",\"url\":\"https:\\\/\\\/medicallab.coreco.es\\\/wp-content\\\/uploads\\\/2026\\\/07\\\/CP-Letrero-Green.jpg_2K_202607011707.webp\",\"contentUrl\":\"https:\\\/\\\/medicallab.coreco.es\\\/wp-content\\\/uploads\\\/2026\\\/07\\\/CP-Letrero-Green.jpg_2K_202607011707.webp\",\"width\":1920,\"height\":1072},{\"@type\":\"BreadcrumbList\",\"@id\":\"https:\\\/\\\/medicallab.coreco.es\\\/refrigerantes-respetuosos-con-el-medio-ambiente-r-290-y-normativa-fgas\\\/#breadcrumb\",\"itemListElement\":[{\"@type\":\"ListItem\",\"position\":1,\"name\":\"Portada\",\"item\":\"https:\\\/\\\/medicallab.coreco.es\\\/\"},{\"@type\":\"ListItem\",\"position\":2,\"name\":\"Refrigerantes respetuosos con el medio ambiente: R 290 y Normativa FGAS.\"}]},{\"@type\":\"WebSite\",\"@id\":\"https:\\\/\\\/medicallab.coreco.es\\\/#website\",\"url\":\"https:\\\/\\\/medicallab.coreco.es\\\/\",\"name\":\"CORECO Medical Lab\",\"description\":\"Medical Lab\",\"publisher\":{\"@id\":\"https:\\\/\\\/medicallab.coreco.es\\\/#organization\"},\"alternateName\":\"CORECO Medical Lab\",\"potentialAction\":[{\"@type\":\"SearchAction\",\"target\":{\"@type\":\"EntryPoint\",\"urlTemplate\":\"https:\\\/\\\/medicallab.coreco.es\\\/?s={search_term_string}\"},\"query-input\":{\"@type\":\"PropertyValueSpecification\",\"valueRequired\":true,\"valueName\":\"search_term_string\"}}],\"inLanguage\":\"de\"},{\"@type\":\"Organization\",\"@id\":\"https:\\\/\\\/medicallab.coreco.es\\\/#organization\",\"name\":\"CORECO Medical Lab\",\"url\":\"https:\\\/\\\/medicallab.coreco.es\\\/\",\"logo\":{\"@type\":\"ImageObject\",\"inLanguage\":\"de\",\"@id\":\"https:\\\/\\\/medicallab.coreco.es\\\/#\\\/schema\\\/logo\\\/image\\\/\",\"url\":\"https:\\\/\\\/medicallab.coreco.es\\\/wp-content\\\/uploads\\\/2026\\\/03\\\/cropped-FAVICON.webp\",\"contentUrl\":\"https:\\\/\\\/medicallab.coreco.es\\\/wp-content\\\/uploads\\\/2026\\\/03\\\/cropped-FAVICON.webp\",\"width\":512,\"height\":512,\"caption\":\"CORECO Medical Lab\"},\"image\":{\"@id\":\"https:\\\/\\\/medicallab.coreco.es\\\/#\\\/schema\\\/logo\\\/image\\\/\"},\"description\":\"CORECO es una empresa fundada en 1986 dedicada al desarrollo y fabricaci\u00f3n de equipamiento para el amplio mercado hostelero. A lo largo de su historia, se ha caracterizado por una continua evoluci\u00f3n tecnol\u00f3gica y un gran crecimiento empresarial enfocado en ofrecer opciones eficaces y con garant\u00edas a los clientes m\u00e1s exigentes. Puntos clave de la empresa:Enfoque Ecol\u00f3gico y Eficiente: Sus productos est\u00e1n dise\u00f1ados para tener una gran eficiencia energ\u00e9tica, ser respetuosos con la conservaci\u00f3n del medio ambiente y ayudar al usuario final a reducir los costes de uso y mantenimiento. Calidad Certificada: Cuentan con procesos de fabricaci\u00f3n certificados bajo la norma internacional ISO 14001 y someten sus equipos a estrictos procesos de ensayo acordes a las directivas y regulaciones internacionales. Tecnolog\u00eda Avanzada: En la fabricaci\u00f3n de sus equipos emplean componentes de alto rendimiento, entre los que destacan:Refrigerantes hidrocarburos (R290 y R600a). Gesti\u00f3n electr\u00f3nica para el control de temperatura, descarches y condensaci\u00f3n. Aislamiento de poliuretano de alta densidad (40 Kg\\\/m\u00b3). Compresores, ventiladores de alto rendimiento e iluminaci\u00f3n LED.Puertas de cristal con tratamientos bajo-emisivos y barreras t\u00e9rmicas por gas inerte.\",\"email\":\"info@coreco.es\",\"telephone\":\"+34 957 50 22 75\",\"legalName\":\"CORECO S.A.\"},{\"@type\":\"Person\",\"@id\":\"https:\\\/\\\/medicallab.coreco.es\\\/#\\\/schema\\\/person\\\/101ce523c59b70675314a1bb9e262938\",\"name\":\"jesus\",\"image\":{\"@type\":\"ImageObject\",\"inLanguage\":\"de\",\"@id\":\"https:\\\/\\\/medicallab.coreco.es\\\/wp-content\\\/litespeed\\\/avatar\\\/653694bef48abce83a847738b36d597a.jpg?ver=1787676785\",\"url\":\"https:\\\/\\\/medicallab.coreco.es\\\/wp-content\\\/litespeed\\\/avatar\\\/653694bef48abce83a847738b36d597a.jpg?ver=1787676785\",\"contentUrl\":\"https:\\\/\\\/medicallab.coreco.es\\\/wp-content\\\/litespeed\\\/avatar\\\/653694bef48abce83a847738b36d597a.jpg?ver=1787676785\",\"caption\":\"jesus\"},\"sameAs\":[\"https:\\\/\\\/medicallab.coreco.es\"],\"url\":\"https:\\\/\\\/medicallab.coreco.es\\\/de\\\/author\\\/jesus\\\/\"}]}<\/script>\n<!-- \/ Yoast SEO Premium plugin. -->","yoast_head_json":{"title":"Umweltfreundliche K\u00fchlmittel | Coreco Medical Lab","description":"In diesem Artikel erfahren Sie etwas mehr \u00fcber umweltfreundliche K\u00e4ltemittel wie R 290 und die gesamte FGAS-Verordnung.","robots":{"index":"index","follow":"follow","max-snippet":"max-snippet:-1","max-image-preview":"max-image-preview:large","max-video-preview":"max-video-preview:-1"},"canonical":"https:\/\/medicallab.coreco.es\/de\/umweltfreundliche-kaltemittel-r-290-und-die-f-gas-verordnung\/","og_locale":"de_DE","og_type":"article","og_title":"Refrigerantes respetuosos con el medio ambiente: R 290 y Normativa FGAS.","og_description":"En este art\u00edculo podr\u00e1s conocer un poco m\u00e1s a fondo sobre refrigerantes respetuosos con el medio ambiente como es el R 290 y toda la Normativa FGAS.","og_url":"https:\/\/medicallab.coreco.es\/de\/umweltfreundliche-kaltemittel-r-290-und-die-f-gas-verordnung\/","og_site_name":"Medical Lab","article_published_time":"2021-03-30T04:55:32+00:00","article_modified_time":"2026-07-01T15:52:46+00:00","og_image":[{"width":1920,"height":1072,"url":"https:\/\/medical2026.3wstudiopro.com\/wp-content\/uploads\/2026\/07\/CP-Letrero-Green.jpg_2K_202607011707.webp","type":"image\/webp"}],"author":"jesus","twitter_card":"summary_large_image","twitter_misc":{"Verfasst von":"jesus","Gesch\u00e4tzte Lesezeit":"14\u00a0Minuten"},"schema":{"@context":"https:\/\/schema.org","@graph":[{"@type":"Article","@id":"https:\/\/medicallab.coreco.es\/refrigerantes-respetuosos-con-el-medio-ambiente-r-290-y-normativa-fgas\/#article","isPartOf":{"@id":"https:\/\/medicallab.coreco.es\/refrigerantes-respetuosos-con-el-medio-ambiente-r-290-y-normativa-fgas\/"},"author":{"name":"jesus","@id":"https:\/\/medicallab.coreco.es\/#\/schema\/person\/101ce523c59b70675314a1bb9e262938"},"headline":"Refrigerantes respetuosos con el medio ambiente: R 290 y Normativa FGAS.","datePublished":"2021-03-30T04:55:32+00:00","dateModified":"2026-07-01T15:52:46+00:00","mainEntityOfPage":{"@id":"https:\/\/medicallab.coreco.es\/refrigerantes-respetuosos-con-el-medio-ambiente-r-290-y-normativa-fgas\/"},"wordCount":3292,"commentCount":0,"publisher":{"@id":"https:\/\/medicallab.coreco.es\/#organization"},"image":{"@id":"https:\/\/medicallab.coreco.es\/refrigerantes-respetuosos-con-el-medio-ambiente-r-290-y-normativa-fgas\/#primaryimage"},"thumbnailUrl":"https:\/\/medicallab.coreco.es\/wp-content\/uploads\/2026\/07\/CP-Letrero-Green.jpg_2K_202607011707.webp","articleSection":["Sin categor\u00eda"],"inLanguage":"de","potentialAction":[{"@type":"CommentAction","name":"Comment","target":["https:\/\/medicallab.coreco.es\/refrigerantes-respetuosos-con-el-medio-ambiente-r-290-y-normativa-fgas\/#respond"]}]},{"@type":"WebPage","@id":"https:\/\/medicallab.coreco.es\/refrigerantes-respetuosos-con-el-medio-ambiente-r-290-y-normativa-fgas\/","url":"https:\/\/medicallab.coreco.es\/refrigerantes-respetuosos-con-el-medio-ambiente-r-290-y-normativa-fgas\/","name":"Umweltfreundliche K\u00fchlmittel | Coreco Medical Lab","isPartOf":{"@id":"https:\/\/medicallab.coreco.es\/#website"},"primaryImageOfPage":{"@id":"https:\/\/medicallab.coreco.es\/refrigerantes-respetuosos-con-el-medio-ambiente-r-290-y-normativa-fgas\/#primaryimage"},"image":{"@id":"https:\/\/medicallab.coreco.es\/refrigerantes-respetuosos-con-el-medio-ambiente-r-290-y-normativa-fgas\/#primaryimage"},"thumbnailUrl":"https:\/\/medicallab.coreco.es\/wp-content\/uploads\/2026\/07\/CP-Letrero-Green.jpg_2K_202607011707.webp","datePublished":"2021-03-30T04:55:32+00:00","dateModified":"2026-07-01T15:52:46+00:00","description":"In diesem Artikel erfahren Sie etwas mehr \u00fcber umweltfreundliche K\u00e4ltemittel wie R 290 und die gesamte FGAS-Verordnung.","breadcrumb":{"@id":"https:\/\/medicallab.coreco.es\/refrigerantes-respetuosos-con-el-medio-ambiente-r-290-y-normativa-fgas\/#breadcrumb"},"inLanguage":"de","potentialAction":[{"@type":"ReadAction","target":["https:\/\/medicallab.coreco.es\/refrigerantes-respetuosos-con-el-medio-ambiente-r-290-y-normativa-fgas\/"]}]},{"@type":"ImageObject","inLanguage":"de","@id":"https:\/\/medicallab.coreco.es\/refrigerantes-respetuosos-con-el-medio-ambiente-r-290-y-normativa-fgas\/#primaryimage","url":"https:\/\/medicallab.coreco.es\/wp-content\/uploads\/2026\/07\/CP-Letrero-Green.jpg_2K_202607011707.webp","contentUrl":"https:\/\/medicallab.coreco.es\/wp-content\/uploads\/2026\/07\/CP-Letrero-Green.jpg_2K_202607011707.webp","width":1920,"height":1072},{"@type":"BreadcrumbList","@id":"https:\/\/medicallab.coreco.es\/refrigerantes-respetuosos-con-el-medio-ambiente-r-290-y-normativa-fgas\/#breadcrumb","itemListElement":[{"@type":"ListItem","position":1,"name":"Portada","item":"https:\/\/medicallab.coreco.es\/"},{"@type":"ListItem","position":2,"name":"Refrigerantes respetuosos con el medio ambiente: R 290 y Normativa FGAS."}]},{"@type":"WebSite","@id":"https:\/\/medicallab.coreco.es\/#website","url":"https:\/\/medicallab.coreco.es\/","name":"CORECO Medical Lab","description":"Medizinisches Labor","publisher":{"@id":"https:\/\/medicallab.coreco.es\/#organization"},"alternateName":"CORECO Medical Lab","potentialAction":[{"@type":"SearchAction","target":{"@type":"EntryPoint","urlTemplate":"https:\/\/medicallab.coreco.es\/?s={search_term_string}"},"query-input":{"@type":"PropertyValueSpecification","valueRequired":true,"valueName":"search_term_string"}}],"inLanguage":"de"},{"@type":"Organization","@id":"https:\/\/medicallab.coreco.es\/#organization","name":"CORECO Medical Lab","url":"https:\/\/medicallab.coreco.es\/","logo":{"@type":"ImageObject","inLanguage":"de","@id":"https:\/\/medicallab.coreco.es\/#\/schema\/logo\/image\/","url":"https:\/\/medicallab.coreco.es\/wp-content\/uploads\/2026\/03\/cropped-FAVICON.webp","contentUrl":"https:\/\/medicallab.coreco.es\/wp-content\/uploads\/2026\/03\/cropped-FAVICON.webp","width":512,"height":512,"caption":"CORECO Medical Lab"},"image":{"@id":"https:\/\/medicallab.coreco.es\/#\/schema\/logo\/image\/"},"description":"CORECO ist ein 1986 gegr\u00fcndetes Unternehmen, das sich der Entwicklung und Herstellung von Ausr\u00fcstung f\u00fcr den breiten Gastronomiemarkt widmet. Im Laufe seiner Geschichte zeichnete es sich durch eine kontinuierliche technologische Weiterentwicklung und ein starkes Unternehmenswachstum aus, wobei der Schwerpunkt darauf lag, den anspruchsvollsten Kunden effiziente und zuverl\u00e4ssige L\u00f6sungen anzubieten. Schwerpunkte des Unternehmens: \u00d6kologischer und effizienter Ansatz: Die Produkte sind auf hohe Energieeffizienz ausgelegt, schonen die Umwelt und helfen dem Endnutzer, Betriebs- und Wartungskosten zu senken. Zertifizierte Qualit\u00e4t: Die Fertigungsprozesse sind nach der internationalen Norm ISO 14001 zertifiziert, und die Ger\u00e4te werden strengen Pr\u00fcfverfahren unterzogen, die den internationalen Richtlinien und Vorschriften entsprechen. Fortschrittliche Technologie: Bei der Herstellung ihrer Ger\u00e4te kommen Hochleistungskomponenten zum Einsatz, darunter insbesondere: Kohlenwasserstoff-K\u00e4ltemittel (R290 und R600a). Elektronische Steuerung f\u00fcr Temperaturregelung, Abtauung und Kondensation. Polyurethan-Isolierung mit hoher Dichte (40 kg\/m\u00b3). Hochleistungskompressoren, Hochleistungsventilatoren und LED-Beleuchtung. Glast\u00fcren mit Low-E-Beschichtung und W\u00e4rmesperren aus Inertgas.","email":"info@coreco.es","telephone":"+34 957 50 22 75","legalName":"CORECO S.A."},{"@type":"Person","@id":"https:\/\/medicallab.coreco.es\/#\/schema\/person\/101ce523c59b70675314a1bb9e262938","name":"Jesus","image":{"@type":"ImageObject","inLanguage":"de","@id":"https:\/\/medicallab.coreco.es\/wp-content\/litespeed\/avatar\/653694bef48abce83a847738b36d597a.jpg?ver=1787676785","url":"https:\/\/medicallab.coreco.es\/wp-content\/litespeed\/avatar\/653694bef48abce83a847738b36d597a.jpg?ver=1787676785","contentUrl":"https:\/\/medicallab.coreco.es\/wp-content\/litespeed\/avatar\/653694bef48abce83a847738b36d597a.jpg?ver=1787676785","caption":"jesus"},"sameAs":["https:\/\/medicallab.coreco.es"],"url":"https:\/\/medicallab.coreco.es\/de\/author\/jesus\/"}]}},"_links":{"self":[{"href":"https:\/\/medicallab.coreco.es\/de\/wp-json\/wp\/v2\/posts\/1745","targetHints":{"allow":["GET"]}}],"collection":[{"href":"https:\/\/medicallab.coreco.es\/de\/wp-json\/wp\/v2\/posts"}],"about":[{"href":"https:\/\/medicallab.coreco.es\/de\/wp-json\/wp\/v2\/types\/post"}],"author":[{"embeddable":true,"href":"https:\/\/medicallab.coreco.es\/de\/wp-json\/wp\/v2\/users\/1"}],"replies":[{"embeddable":true,"href":"https:\/\/medicallab.coreco.es\/de\/wp-json\/wp\/v2\/comments?post=1745"}],"version-history":[{"count":1,"href":"https:\/\/medicallab.coreco.es\/de\/wp-json\/wp\/v2\/posts\/1745\/revisions"}],"predecessor-version":[{"id":1762,"href":"https:\/\/medicallab.coreco.es\/de\/wp-json\/wp\/v2\/posts\/1745\/revisions\/1762"}],"wp:featuredmedia":[{"embeddable":true,"href":"https:\/\/medicallab.coreco.es\/de\/wp-json\/wp\/v2\/media\/1784"}],"wp:attachment":[{"href":"https:\/\/medicallab.coreco.es\/de\/wp-json\/wp\/v2\/media?parent=1745"}],"wp:term":[{"taxonomy":"category","embeddable":true,"href":"https:\/\/medicallab.coreco.es\/de\/wp-json\/wp\/v2\/categories?post=1745"},{"taxonomy":"post_tag","embeddable":true,"href":"https:\/\/medicallab.coreco.es\/de\/wp-json\/wp\/v2\/tags?post=1745"}],"curies":[{"name":"wp","href":"https:\/\/api.w.org\/{rel}","templated":true}]}}