{"id":1740,"date":"2021-06-29T11:49:54","date_gmt":"2021-06-29T11:49:54","guid":{"rendered":"http:\/\/medicallab.coreco.es\/?p=1629"},"modified":"2026-07-01T15:44:26","modified_gmt":"2026-07-01T15:44:26","slug":"kuhlkettenmanagement-fur-medizinische-produkte","status":"publish","type":"post","link":"https:\/\/medicallab.coreco.es\/de\/gestion-de-la-cadena-de-frio-para-productos-medicos\/","title":{"rendered":"K\u00fchlkettenmanagement f\u00fcr medizinische Produkte"},"content":{"rendered":"<p class=\"wp-block-paragraph\">Hallo nochmal und herzlich willkommen auf dem Blog von Coreco Medicallab. Heute besch\u00e4ftigen wir uns mit dem K\u00fchlkettenmanagement f\u00fcr medizinische Produkte und gehen dabei auf die verschiedenen Bestandteile dieser Kette ein. <\/p>\n\n\n\n<p class=\"wp-block-paragraph\">Jedes Produkt, das gek\u00fchlt werden muss, unterliegt bestimmten Bedingungen, die nicht verletzt werden d\u00fcrfen. Da diese Produkte zudem in der Regel f\u00fcr Lebensmittel oder medizinische Zwecke bestimmt sind, m\u00fcssen sie bei einer Unterbrechung der K\u00fchlkette m\u00f6glicherweise vernichtet werden. Dies kann erhebliche wirtschaftliche Verluste nach sich ziehen.   <\/p>\n\n\n\n<p class=\"wp-block-paragraph\">Medizinische Gewebeproben, wichtige Impfstoffe, Arzneimittel und andere tiefgek\u00fchlte oder gek\u00fchlte Best\u00e4nde k\u00f6nnen verderben, wenn w\u00e4hrend der Lagerung nicht die exakte Temperatur eingehalten wird.&nbsp;<\/p>\n\n\n\n<p class=\"wp-block-paragraph\">Daher bringt die K\u00fchllagerung von Arzneimitteln zus\u00e4tzliche Herausforderungen mit sich.<\/p>\n\n\n\n<h3 class=\"wp-block-heading\">Kontrolle von Arzneimitteln<\/h3>\n\n\n\n<p class=\"wp-block-paragraph\">Die hergestellten Arzneimittel haben sich weiterentwickelt und enthalten nun mehr hochwertige Inhaltsstoffe. Das bedeutet, dass sie oft eine k\u00fcrzere Haltbarkeitsdauer und strengere Temperaturanforderungen bei der Lagerung aufweisen. <\/p>\n\n\n\n<p class=\"wp-block-paragraph\">Zudem gewinnt eine neue Klasse von Arzneimitteln, die sogenannten Biologika, zunehmend an Bedeutung. Diese Produkte m\u00fcssen temperaturkontrolliert transportiert werden. Um ihre Qualit\u00e4t zu gew\u00e4hrleisten, ist eine strenge Temperatur\u00fcberwachung erforderlich. Der f\u00fcr Arzneimittel vorgeschriebene Temperaturbereich liegt zwischen 2 \u00b0C und 8 \u00b0C. <\/p>\n\n\n\n<p class=\"wp-block-paragraph\">Alle Personen, die mit gek\u00fchlten Medizinprodukten arbeiten, einschlie\u00dflich Apotheker, m\u00fcssen die K\u00fchlkette verstehen.<\/p>\n\n\n\n<h4 class=\"wp-block-heading\">Was ist die K\u00fchlkette?<\/h4>\n\n\n\n<p class=\"wp-block-paragraph\">Eine K\u00fchlkette ist eine temperaturkontrollierte Lieferkette. Alle Glieder der Kette m\u00fcssen intakt bleiben, um die Unversehrtheit des Produkts zu gew\u00e4hrleisten. Damit die K\u00fchlkette ununterbrochen bleibt, muss die Temperatur von der Herstellung \u00fcber den Transport und die Lagerung bis hin zum Vertrieb oder zur Behandlung des Patienten konstant (gek\u00fchlt oder gefroren) bleiben.<\/p>\n\n\n\n<h4 class=\"wp-block-heading\">Was passiert, wenn die Kette rei\u00dft?<\/h4>\n\n\n\n<p class=\"wp-block-paragraph\">Wenn die Temperatur die festgelegten Grenzwerte \u00fcberschreitet, k\u00f6nnen die Qualit\u00e4t des Produkts sowie dessen Wirksamkeit oder Sicherheit beeintr\u00e4chtigt werden. Bei Impfstoffen beispielsweise f\u00fchrt die Nichteinhaltung der korrekten Temperatur in der Regel zu einer Verringerung ihrer Wirksamkeit, die nicht wiederhergestellt werden kann. <\/p>\n\n\n\n<p class=\"wp-block-paragraph\">Die <a href=\"https:\/\/www.semfyc.es\/grupos\/aspectos-practicos-sobre-la-conservacion-y-administracion-de-la-vacuna-contra-la-covid-19-comirnaty-de-pfizer-biontech-hilo-en-sanoysalvoblog\/\">Impfstoffe k\u00f6nnen durch \u00fcberm\u00e4\u00dfige Hitze, K\u00e4lte oder Lichteinwirkung unbrauchbar werden<\/a> Und normalerweise l\u00e4sst sich ein verdorbener Impfstoff nicht von einem einwandfreien unterscheiden. Das bedeutet, dass die einzige wirkliche M\u00f6glichkeit, sie zu sch\u00fctzen, darin besteht, proaktiv f\u00fcr die Einhaltung der richtigen Temperatur zu sorgen. <\/p>\n\n\n\n<p class=\"wp-block-paragraph\">Und wenn Sie ein Anbieter von k\u00fchlpflichtigen Arzneimitteln sind, m\u00fcssen Sie die festgelegten Richtlinien befolgen und nachweisen k\u00f6nnen, dass die von Ihnen gelagerten Impfstoffe zu keinem Zeitpunkt au\u00dferhalb des empfohlenen Temperaturbereichs waren.<\/p>\n\n\n\n<p class=\"wp-block-paragraph\">Andere medizinische G\u00fcter wie Medikamente, Blut und Gewebeproben k\u00f6nnen hinsichtlich der Temperatur ebenso kritisch sein wie Impfstoffe. Diese G\u00fcter werden in der Regel die meiste Zeit gelagert, bis sie zum Einsatz kommen, weshalb die Lagerung ein entscheidendes Glied in der K\u00fchlkette darstellt.&nbsp;<\/p>\n\n\n\n<h4 class=\"wp-block-heading\">Wie l\u00e4sst sich bei der K\u00fchlkette eine konstante Temperatur gew\u00e4hrleisten?<\/h4>\n\n\n\n<p class=\"wp-block-paragraph\">F\u00fcr das K\u00fchlkettenmanagement werden spezifische Richtlinien f\u00fcr Impfstoffe bereitgestellt (siehe unten). Wir haben jedoch \u00e4hnliche Empfehlungen f\u00fcr alle medizinischen Produkte, die sich auf den Einsatz von Fern\u00fcberwachungstechnologie konzentrieren. <\/p>\n\n\n\n<p class=\"wp-block-paragraph\">Wir empfehlen Ihnen, sowohl das Alarmdisplay des K\u00fchlschranks als auch die tats\u00e4chliche Temperatur im Inneren mithilfe eines Temperatursensors bzw. einer Temperatursonde zu \u00fcberwachen. Diese sind kabelgebunden oder kabellos mit einem intelligenten Ger\u00e4t verbunden, das die Temperaturwerte kontinuierlich anzeigt und aufzeichnet. <\/p>\n\n\n\n<p class=\"wp-block-paragraph\">Dieses Ger\u00e4t wird \u00fcblicherweise als \u00abFern-Datenerfassungsger\u00e4t\u00bb oder \u00abFern\u00fcberwachungssystem\u00bb bezeichnet. Stellen Sie sich eine Hausalarmanlage vor. Die Sensoren sind die Ger\u00e4te, die erfassen, ob ein Fenster oder eine T\u00fcr ge\u00f6ffnet wird, und die Wandzentrale zeichnet die Informationen auf und l\u00f6st bei Bedarf den Alarm aus.<\/p>\n\n\n\n<p class=\"wp-block-paragraph\">Wir empfehlen au\u00dferdem die Verwendung eines Temperaturpuffers. Der Puffer gleicht Temperaturschwankungen in einem Gefrierschrank oder K\u00fchlschrank aus. <\/p>\n\n\n\n<p class=\"wp-block-paragraph\">Ein typischer Temperaturf\u00fchler ist eine mit einer Glykoll\u00f6sung oder Glasperlen gef\u00fcllte Flasche, in die eine Sonde oder ein Sensor eingef\u00fchrt wird. Ohne einen Puffer messen die Sonde oder der Sensor die Atmosph\u00e4re im Inneren des Lagerger\u00e4ts, die sich durch Abtauzyklen, das \u00d6ffnen der T\u00fcren und die Luftumw\u00e4lzventilatoren schnell \u00e4ndern kann. <\/p>\n\n\n\n<p class=\"wp-block-paragraph\">Die Lufttemperatur im Lagerraum \u00e4ndert sich wesentlich schneller als die Temperatur der Impfstoffe und Arzneimittel, weshalb der Messwert eines ged\u00e4mpften F\u00fchlers die Temperatur der medizinischen Produkte genauer wiedergibt.<\/p>\n\n\n\n<h3 class=\"wp-block-heading\">Empfehlungen zu Thermometern<\/h3>\n\n\n\n<h4 class=\"wp-block-heading\">Kontinuierliche Aufzeichnung der Lagertemperaturen<\/h4>\n\n\n\n<p class=\"wp-block-paragraph\">Bisher wurde in den Betrieben ein manuelles Verfahren zur kontinuierlichen Temperaturerfassung verwendet. In jedem K\u00fchl- und Gefrierschrank wurden Protokollbl\u00e4tter ausgelegt, und ein daf\u00fcr zust\u00e4ndiger Mitarbeiter erfasste die Temperatur t\u00e4glich zu einer festgelegten Uhrzeit und trug sie in das Protokoll ein. <\/p>\n\n\n\n<p class=\"wp-block-paragraph\">Heutzutage gibt es Datenlogger, die kontinuierlich die Temperatur der F\u00fchler in K\u00fchlr\u00e4umen erfassen und die Messwerte speichern. Die Nutzer k\u00f6nnen die Daten jederzeit \u00fcber einen Computer oder ein Tablet einsehen. Der Datenlogger dient nicht nur der Dokumentation, sondern kann auch einen Alarm ausl\u00f6sen, wenn die Temperaturen den zul\u00e4ssigen Bereich verlassen.<\/p>\n\n\n\n<p class=\"wp-block-paragraph\">Ein Fern\u00fcberwachungssystem umfasst zwar einen Datenlogger, geht aber noch einen Schritt weiter, indem es die Daten automatisch an einem entfernten Speicherort speichert, auf den von jedem Computer, Tablet oder Smartphone aus zugegriffen werden kann. Das bedeutet, dass das Personal nicht mehr physisch am Standort der K\u00fchl- und Gefrierschr\u00e4nke anwesend sein muss.<\/p>\n\n\n\n<p class=\"wp-block-paragraph\">Die Daten k\u00f6nnen in vom Benutzer frei w\u00e4hlbaren Intervallen aufgezeichnet werden. Zudem k\u00f6nnen im Alarmzustand separate Intervalle aufgezeichnet werden. Die Daten werden \u00fcber eine Website aus der Ferne heruntergeladen \u2013 entweder \u00fcber ein lokales Netzwerk oder in die Cloud \u2013, wo sie ausgedruckt oder im PDF-, Excel- oder CSV-Format exportiert werden k\u00f6nnen.<\/p>\n\n\n\n<p class=\"wp-block-paragraph\">Fern\u00fcberwachungssysteme bieten zudem Alarmfunktionen. Wenn eine Temperatur gemessen wird, die au\u00dferhalb eines voreingestellten Bereichs liegt, sendet das System einen Anruf, eine SMS oder eine E-Mail an die festgelegten Ansprechpartner, damit diese vorbeugende Ma\u00dfnahmen ergreifen k\u00f6nnen.<\/p>\n\n\n\n<h4 class=\"wp-block-heading\">Vorteile der Fern\u00fcberwachung<\/h4>\n\n\n\n<p class=\"wp-block-paragraph\">Fern\u00fcberwachungssysteme sind die effektivste \u00dcberwachungstechnologie, da sie Ihnen helfen, sicherzustellen, dass stets die richtige Temperatur herrscht. Sie erhalten ein kosteneffizientes Fr\u00fchwarnsystem, detaillierte Datenprotokolle und Trenddaten zum Nachweis der Einhaltung der Vorschriften.<\/p>\n\n\n\n<p class=\"wp-block-paragraph\">Die modernsten Systeme erm\u00f6glichen es den Nutzern heute zudem, die h\u00f6chsten und niedrigsten Temperaturen innerhalb eines bestimmten Zeitraums \u2013 h\u00e4ufig \u00fcber einen Zeitraum von 24 Stunden \u2013 zu erfassen. <\/p>\n\n\n\n<p class=\"wp-block-paragraph\">Dies liefert eine Momentaufnahme, um sicherzustellen, dass die Temperaturen an diesem Tag innerhalb der Grenzwerte lagen, was praktisch ist, wenn die f\u00fcr die Temperatur\u00fcberwachung zust\u00e4ndige Person nicht dieselbe ist wie diejenige, die f\u00fcr den Empfang von Alarmmeldungen vorgesehen ist. <\/p>\n\n\n\n<p class=\"wp-block-paragraph\">Fern\u00fcberwachungssysteme erfordern h\u00f6here Anfangsinvestitionen. Demgegen\u00fcber sind sie deutlich kosteng\u00fcnstiger, wenn man die Arbeitskosten f\u00fcr die manuelle Erfassung sowie die \u00abKosten\u00bb des finanziellen Risikos im Zusammenhang mit Impfstoffen und anderen betroffenen Verm\u00f6genswerten ber\u00fccksichtigt.<\/p>\n\n\n\n<h4 class=\"wp-block-heading\">\u00dcberpr\u00fcfung, Einhaltung und m\u00f6gliche Konsequenzen<\/h4>\n\n\n\n<p class=\"wp-block-paragraph\">Es ist sehr wichtig, dass das medizinische Personal sowohl in den Krankenh\u00e4usern als auch in den Gesundheitszentren sich f\u00fcr die Einhaltung der K\u00fchlkette bei dieser Art von Produkten einsetzt. <\/p>\n\n\n\n<p class=\"wp-block-paragraph\">Tritt der Fehler auf, w\u00e4hrend die Impfstoffe in einem Krankenhaus oder einer Klinik gelagert werden, muss das zust\u00e4ndige Unternehmen oder die zust\u00e4ndige Beh\u00f6rde f\u00fcr den Verlust aufkommen. <\/p>\n\n\n\n<h4 class=\"wp-block-heading\">Automatisierung der Temperatur\u00fcberwachung<\/h4>\n\n\n\n<p class=\"wp-block-paragraph\">Daher ist der Einsatz einer automatischen \u00dcberwachung sinnvoll, um alle auf den einzelnen Ger\u00e4ten durchgef\u00fchrten Vorg\u00e4nge ordnungsgem\u00e4\u00df zu erfassen und zu dokumentieren.<\/p>\n\n\n\n<p class=\"wp-block-paragraph\">Aus diesem Grund sind die Impfstofflieferanten verpflichtet, geeignete Ma\u00dfnahmen zu ergreifen, um die Impfstoffe bei der richtigen Temperatur zu lagern und diese Temperatur bis zur Verabreichung aufrechtzuerhalten. Au\u00dferdem ben\u00f6tigen sie ein System, das den Temperaturverlauf anhand konkreter Daten dokumentiert.<\/p>\n\n\n\n<p class=\"wp-block-paragraph\">Die Temperatur\u00fcberwachung von gek\u00fchlten Produkten tr\u00e4gt zur Sicherstellung der K\u00fchlkette bei. Die verwendeten Temperaturmessger\u00e4te m\u00fcssen kalibriert sein und \u00fcber ein R\u00fcckverfolgbarkeitszertifikat sowie Kalibrierprotokolle verf\u00fcgen. <\/p>\n\n\n\n<h3 class=\"wp-block-heading\">Spezifische Vorschriften<\/h3>\n\n\n\n<p class=\"wp-block-paragraph\">Die <strong>DIN 58371<\/strong> (f\u00fcr den Bereich der Blutbank: K\u00fchl- und Gefrierschr\u00e4nke, in denen Blut- oder Plasmabeutel aufbewahrt werden) und&nbsp;<strong>DIN 58375<\/strong> (Gefrierschr\u00e4nke, in denen Blut- oder Plasmabeutel aufbewahrt werden) betonen besonders, dass ein&nbsp;<strong>registro y trazabilidad de la temperatura<\/strong> Tiene&nbsp;que reflejar el hist\u00f3rico reciente de desv\u00edos t\u00e9rmicos que haya sufrido su nevera o congelador.<\/p>\n\n\n\n<p class=\"wp-block-paragraph\">Aunque esto se ha realizado normalmente a mano, con la tecnolog\u00eda actual es posible realizarlo de manera autom\u00e1tica lo que supone un ahorro en el tiempo del personal y la eliminaci\u00f3n del error humano.<\/p>\n\n\n\n<p class=\"wp-block-paragraph\">Una vez instalado el dispositivo, es recomendable realizar pruebas de calibraci\u00f3n cada uno o dos a\u00f1os. La documentaci\u00f3n es fundamental, por lo que contar con un registrador de datos de temperatura hace que ese proceso sea autom\u00e1tico y continuo.<\/p>\n\n\n\n<p class=\"wp-block-paragraph\">Los activos m\u00e9dicos fr\u00edos, como las vacunas, los productos farmac\u00e9uticos y las muestras de investigaci\u00f3n, son caros y a veces insustituibles. Su temperatura debe mantenerse durante el almacenamiento hasta que est\u00e9n listas para ser utilizadas. Si tiene inter\u00e9s, puede leer el art\u00edculo sobre <a href=\"https:\/\/medicallab.coreco.es\/de\/como-evitar-perder-medicamentos-gracias-a-los-frigorificos-de-laboratorio-y-farmacia\/\">c\u00f3mo evitar perder medicamentos gracias a los frigor\u00edficos de laboratorio y farmacia<\/a>.<\/p>\n\n\n\n<p class=\"wp-block-paragraph\">Die <a href=\"https:\/\/medicallab.coreco.es\/de\/temperaturkartierung-bedeutung-in-der-pharmabranche\/\">sistemas de monitorizaci\u00f3n remota y los registradores<\/a> de datos protegen estos productos las 24 horas del d\u00eda. Proporcionan una pista de auditor\u00eda que documenta su correcto almacenamiento. Los dispositivos son tan baratos de instalar y mantener que no puede permitirse prescindir de esta tecnolog\u00eda de supervisi\u00f3n.&nbsp;<\/p>\n\n\n\n<p class=\"wp-block-paragraph\">Hemos hecho un repaso de como debe ser la gesti\u00f3n de la cadena de fr\u00edo para productos m\u00e9dicos. Esperamos que le haya resultado de inter\u00e9s. Un saludo y hasta la pr\u00f3xima. <br><\/p>","protected":false},"excerpt":{"rendered":"<p>Buenas de nuevo y bienvenido al blog de Coreco Medicallab. Hoy tratamos la gesti\u00f3n de la cadena de fr\u00edo para [&hellip;]<\/p>\n","protected":false},"author":1,"featured_media":1781,"comment_status":"open","ping_status":"open","sticky":false,"template":"","format":"standard","meta":{"_acf_changed":false,"site-sidebar-layout":"default","site-content-layout":"","ast-site-content-layout":"default","site-content-style":"default","site-sidebar-style":"default","ast-global-header-display":"","ast-banner-title-visibility":"","ast-main-header-display":"","ast-hfb-above-header-display":"","ast-hfb-below-header-display":"","ast-hfb-mobile-header-display":"","site-post-title":"","ast-breadcrumbs-content":"","ast-featured-img":"","footer-sml-layout":"","ast-disable-related-posts":"","theme-transparent-header-meta":"","adv-header-id-meta":"","stick-header-meta":"","header-above-stick-meta":"","header-main-stick-meta":"","header-below-stick-meta":"","astra-migrate-meta-layouts":"default","ast-page-background-enabled":"default","ast-page-background-meta":{"desktop":{"background-color":"var(--ast-global-color-5)","background-image":"","background-repeat":"repeat","background-position":"center center","background-size":"auto","background-attachment":"scroll","background-type":"","background-media":"","overlay-type":"","overlay-color":"","overlay-opacity":"","overlay-gradient":""},"tablet":{"background-color":"","background-image":"","background-repeat":"repeat","background-position":"center center","background-size":"auto","background-attachment":"scroll","background-type":"","background-media":"","overlay-type":"","overlay-color":"","overlay-opacity":"","overlay-gradient":""},"mobile":{"background-color":"","background-image":"","background-repeat":"repeat","background-position":"center center","background-size":"auto","background-attachment":"scroll","background-type":"","background-media":"","overlay-type":"","overlay-color":"","overlay-opacity":"","overlay-gradient":""}},"ast-content-background-meta":{"desktop":{"background-color":"var(--ast-global-color-4)","background-image":"","background-repeat":"repeat","background-position":"center center","background-size":"auto","background-attachment":"scroll","background-type":"","background-media":"","overlay-type":"","overlay-color":"","overlay-opacity":"","overlay-gradient":""},"tablet":{"background-color":"var(--ast-global-color-4)","background-image":"","background-repeat":"repeat","background-position":"center center","background-size":"auto","background-attachment":"scroll","background-type":"","background-media":"","overlay-type":"","overlay-color":"","overlay-opacity":"","overlay-gradient":""},"mobile":{"background-color":"var(--ast-global-color-4)","background-image":"","background-repeat":"repeat","background-position":"center center","background-size":"auto","background-attachment":"scroll","background-type":"","background-media":"","overlay-type":"","overlay-color":"","overlay-opacity":"","overlay-gradient":""}},"footnotes":""},"categories":[9],"tags":[],"class_list":["post-1740","post","type-post","status-publish","format-standard","has-post-thumbnail","hentry","category-sin-categoria"],"acf":[],"yoast_head":"<!-- This site is optimized with the Yoast SEO Premium plugin v28.1 (Yoast SEO v28.1) - https:\/\/yoast.com\/product\/yoast-seo-premium-wordpress\/ -->\n<title>Gesti\u00f3n de la cadena de fr\u00edo para productos m\u00e9dicos | Medical Lab<\/title>\n<meta name=\"description\" content=\"Todo el personal sanitario debe conocer la gesti\u00f3n de la cadena de fr\u00edo para productos m\u00e9dicos. Conozca los aspectos generales en este art\u00edculo.\" \/>\n<meta name=\"robots\" content=\"index, follow, max-snippet:-1, max-image-preview:large, max-video-preview:-1\" \/>\n<link rel=\"canonical\" href=\"https:\/\/medicallab.coreco.es\/de\/kuhlkettenmanagement-fur-medizinische-produkte\/\" \/>\n<meta property=\"og:locale\" content=\"de_DE\" \/>\n<meta property=\"og:type\" content=\"article\" \/>\n<meta property=\"og:title\" content=\"Gesti\u00f3n de la cadena de fr\u00edo para productos m\u00e9dicos\" \/>\n<meta property=\"og:description\" content=\"Todo el personal sanitario debe conocer la gesti\u00f3n de la cadena de fr\u00edo para productos m\u00e9dicos. Conozca los aspectos generales en este art\u00edculo.\" \/>\n<meta property=\"og:url\" content=\"https:\/\/medicallab.coreco.es\/de\/kuhlkettenmanagement-fur-medizinische-produkte\/\" \/>\n<meta property=\"og:site_name\" content=\"Medical Lab\" \/>\n<meta property=\"article:published_time\" content=\"2021-06-29T11:49:54+00:00\" \/>\n<meta property=\"article:modified_time\" content=\"2026-07-01T15:44:26+00:00\" \/>\n<meta property=\"og:image\" content=\"https:\/\/medical2026.3wstudiopro.com\/wp-content\/uploads\/2026\/07\/Vacunandose.jpg_2K_202607011732.webp\" \/>\n\t<meta property=\"og:image:width\" content=\"1920\" \/>\n\t<meta property=\"og:image:height\" content=\"1072\" \/>\n\t<meta property=\"og:image:type\" content=\"image\/webp\" \/>\n<meta name=\"author\" content=\"jesus\" \/>\n<meta name=\"twitter:card\" content=\"summary_large_image\" \/>\n<meta name=\"twitter:label1\" content=\"Verfasst von\" \/>\n\t<meta name=\"twitter:data1\" content=\"jesus\" \/>\n\t<meta name=\"twitter:label2\" content=\"Gesch\u00e4tzte Lesezeit\" \/>\n\t<meta name=\"twitter:data2\" content=\"8\u00a0Minuten\" \/>\n<script type=\"application\/ld+json\" class=\"yoast-schema-graph\">{\"@context\":\"https:\\\/\\\/schema.org\",\"@graph\":[{\"@type\":\"Article\",\"@id\":\"https:\\\/\\\/medicallab.coreco.es\\\/gestion-de-la-cadena-de-frio-para-productos-medicos\\\/#article\",\"isPartOf\":{\"@id\":\"https:\\\/\\\/medicallab.coreco.es\\\/gestion-de-la-cadena-de-frio-para-productos-medicos\\\/\"},\"author\":{\"name\":\"jesus\",\"@id\":\"https:\\\/\\\/medicallab.coreco.es\\\/#\\\/schema\\\/person\\\/101ce523c59b70675314a1bb9e262938\"},\"headline\":\"Gesti\u00f3n de la cadena de fr\u00edo para productos m\u00e9dicos\",\"datePublished\":\"2021-06-29T11:49:54+00:00\",\"dateModified\":\"2026-07-01T15:44:26+00:00\",\"mainEntityOfPage\":{\"@id\":\"https:\\\/\\\/medicallab.coreco.es\\\/gestion-de-la-cadena-de-frio-para-productos-medicos\\\/\"},\"wordCount\":1819,\"commentCount\":0,\"publisher\":{\"@id\":\"https:\\\/\\\/medicallab.coreco.es\\\/#organization\"},\"image\":{\"@id\":\"https:\\\/\\\/medicallab.coreco.es\\\/gestion-de-la-cadena-de-frio-para-productos-medicos\\\/#primaryimage\"},\"thumbnailUrl\":\"https:\\\/\\\/medicallab.coreco.es\\\/wp-content\\\/uploads\\\/2026\\\/07\\\/Vacunandose.jpg_2K_202607011732.webp\",\"articleSection\":[\"Sin categor\u00eda\"],\"inLanguage\":\"de\",\"potentialAction\":[{\"@type\":\"CommentAction\",\"name\":\"Comment\",\"target\":[\"https:\\\/\\\/medicallab.coreco.es\\\/gestion-de-la-cadena-de-frio-para-productos-medicos\\\/#respond\"]}]},{\"@type\":\"WebPage\",\"@id\":\"https:\\\/\\\/medicallab.coreco.es\\\/gestion-de-la-cadena-de-frio-para-productos-medicos\\\/\",\"url\":\"https:\\\/\\\/medicallab.coreco.es\\\/gestion-de-la-cadena-de-frio-para-productos-medicos\\\/\",\"name\":\"Gesti\u00f3n de la cadena de fr\u00edo para productos m\u00e9dicos | Medical Lab\",\"isPartOf\":{\"@id\":\"https:\\\/\\\/medicallab.coreco.es\\\/#website\"},\"primaryImageOfPage\":{\"@id\":\"https:\\\/\\\/medicallab.coreco.es\\\/gestion-de-la-cadena-de-frio-para-productos-medicos\\\/#primaryimage\"},\"image\":{\"@id\":\"https:\\\/\\\/medicallab.coreco.es\\\/gestion-de-la-cadena-de-frio-para-productos-medicos\\\/#primaryimage\"},\"thumbnailUrl\":\"https:\\\/\\\/medicallab.coreco.es\\\/wp-content\\\/uploads\\\/2026\\\/07\\\/Vacunandose.jpg_2K_202607011732.webp\",\"datePublished\":\"2021-06-29T11:49:54+00:00\",\"dateModified\":\"2026-07-01T15:44:26+00:00\",\"description\":\"Todo el personal sanitario debe conocer la gesti\u00f3n de la cadena de fr\u00edo para productos m\u00e9dicos. Conozca los aspectos generales en este art\u00edculo.\",\"breadcrumb\":{\"@id\":\"https:\\\/\\\/medicallab.coreco.es\\\/gestion-de-la-cadena-de-frio-para-productos-medicos\\\/#breadcrumb\"},\"inLanguage\":\"de\",\"potentialAction\":[{\"@type\":\"ReadAction\",\"target\":[\"https:\\\/\\\/medicallab.coreco.es\\\/gestion-de-la-cadena-de-frio-para-productos-medicos\\\/\"]}]},{\"@type\":\"ImageObject\",\"inLanguage\":\"de\",\"@id\":\"https:\\\/\\\/medicallab.coreco.es\\\/gestion-de-la-cadena-de-frio-para-productos-medicos\\\/#primaryimage\",\"url\":\"https:\\\/\\\/medicallab.coreco.es\\\/wp-content\\\/uploads\\\/2026\\\/07\\\/Vacunandose.jpg_2K_202607011732.webp\",\"contentUrl\":\"https:\\\/\\\/medicallab.coreco.es\\\/wp-content\\\/uploads\\\/2026\\\/07\\\/Vacunandose.jpg_2K_202607011732.webp\",\"width\":1920,\"height\":1072},{\"@type\":\"BreadcrumbList\",\"@id\":\"https:\\\/\\\/medicallab.coreco.es\\\/gestion-de-la-cadena-de-frio-para-productos-medicos\\\/#breadcrumb\",\"itemListElement\":[{\"@type\":\"ListItem\",\"position\":1,\"name\":\"Portada\",\"item\":\"https:\\\/\\\/medicallab.coreco.es\\\/\"},{\"@type\":\"ListItem\",\"position\":2,\"name\":\"Gesti\u00f3n de la cadena de fr\u00edo para productos m\u00e9dicos\"}]},{\"@type\":\"WebSite\",\"@id\":\"https:\\\/\\\/medicallab.coreco.es\\\/#website\",\"url\":\"https:\\\/\\\/medicallab.coreco.es\\\/\",\"name\":\"CORECO Medical Lab\",\"description\":\"Medical Lab\",\"publisher\":{\"@id\":\"https:\\\/\\\/medicallab.coreco.es\\\/#organization\"},\"alternateName\":\"CORECO Medical Lab\",\"potentialAction\":[{\"@type\":\"SearchAction\",\"target\":{\"@type\":\"EntryPoint\",\"urlTemplate\":\"https:\\\/\\\/medicallab.coreco.es\\\/?s={search_term_string}\"},\"query-input\":{\"@type\":\"PropertyValueSpecification\",\"valueRequired\":true,\"valueName\":\"search_term_string\"}}],\"inLanguage\":\"de\"},{\"@type\":\"Organization\",\"@id\":\"https:\\\/\\\/medicallab.coreco.es\\\/#organization\",\"name\":\"CORECO Medical Lab\",\"url\":\"https:\\\/\\\/medicallab.coreco.es\\\/\",\"logo\":{\"@type\":\"ImageObject\",\"inLanguage\":\"de\",\"@id\":\"https:\\\/\\\/medicallab.coreco.es\\\/#\\\/schema\\\/logo\\\/image\\\/\",\"url\":\"https:\\\/\\\/medicallab.coreco.es\\\/wp-content\\\/uploads\\\/2026\\\/03\\\/cropped-FAVICON.webp\",\"contentUrl\":\"https:\\\/\\\/medicallab.coreco.es\\\/wp-content\\\/uploads\\\/2026\\\/03\\\/cropped-FAVICON.webp\",\"width\":512,\"height\":512,\"caption\":\"CORECO Medical Lab\"},\"image\":{\"@id\":\"https:\\\/\\\/medicallab.coreco.es\\\/#\\\/schema\\\/logo\\\/image\\\/\"},\"description\":\"CORECO es una empresa fundada en 1986 dedicada al desarrollo y fabricaci\u00f3n de equipamiento para el amplio mercado hostelero. A lo largo de su historia, se ha caracterizado por una continua evoluci\u00f3n tecnol\u00f3gica y un gran crecimiento empresarial enfocado en ofrecer opciones eficaces y con garant\u00edas a los clientes m\u00e1s exigentes. Puntos clave de la empresa:Enfoque Ecol\u00f3gico y Eficiente: Sus productos est\u00e1n dise\u00f1ados para tener una gran eficiencia energ\u00e9tica, ser respetuosos con la conservaci\u00f3n del medio ambiente y ayudar al usuario final a reducir los costes de uso y mantenimiento. Calidad Certificada: Cuentan con procesos de fabricaci\u00f3n certificados bajo la norma internacional ISO 14001 y someten sus equipos a estrictos procesos de ensayo acordes a las directivas y regulaciones internacionales. Tecnolog\u00eda Avanzada: En la fabricaci\u00f3n de sus equipos emplean componentes de alto rendimiento, entre los que destacan:Refrigerantes hidrocarburos (R290 y R600a). Gesti\u00f3n electr\u00f3nica para el control de temperatura, descarches y condensaci\u00f3n. Aislamiento de poliuretano de alta densidad (40 Kg\\\/m\u00b3). Compresores, ventiladores de alto rendimiento e iluminaci\u00f3n LED.Puertas de cristal con tratamientos bajo-emisivos y barreras t\u00e9rmicas por gas inerte.\",\"email\":\"info@coreco.es\",\"telephone\":\"+34 957 50 22 75\",\"legalName\":\"CORECO S.A.\"},{\"@type\":\"Person\",\"@id\":\"https:\\\/\\\/medicallab.coreco.es\\\/#\\\/schema\\\/person\\\/101ce523c59b70675314a1bb9e262938\",\"name\":\"jesus\",\"image\":{\"@type\":\"ImageObject\",\"inLanguage\":\"de\",\"@id\":\"https:\\\/\\\/medicallab.coreco.es\\\/wp-content\\\/litespeed\\\/avatar\\\/653694bef48abce83a847738b36d597a.jpg?ver=1787676785\",\"url\":\"https:\\\/\\\/medicallab.coreco.es\\\/wp-content\\\/litespeed\\\/avatar\\\/653694bef48abce83a847738b36d597a.jpg?ver=1787676785\",\"contentUrl\":\"https:\\\/\\\/medicallab.coreco.es\\\/wp-content\\\/litespeed\\\/avatar\\\/653694bef48abce83a847738b36d597a.jpg?ver=1787676785\",\"caption\":\"jesus\"},\"sameAs\":[\"https:\\\/\\\/medicallab.coreco.es\"],\"url\":\"https:\\\/\\\/medicallab.coreco.es\\\/de\\\/author\\\/jesus\\\/\"}]}<\/script>\n<!-- \/ Yoast SEO Premium plugin. -->","yoast_head_json":{"title":"K\u00fchlkettenmanagement f\u00fcr medizinische Produkte | Medical Lab","description":"Das gesamte medizinische Personal muss mit dem Management der K\u00fchlkette f\u00fcr medizinische Produkte vertraut sein. In diesem Artikel erfahren Sie mehr \u00fcber die allgemeinen Aspekte.","robots":{"index":"index","follow":"follow","max-snippet":"max-snippet:-1","max-image-preview":"max-image-preview:large","max-video-preview":"max-video-preview:-1"},"canonical":"https:\/\/medicallab.coreco.es\/de\/kuhlkettenmanagement-fur-medizinische-produkte\/","og_locale":"de_DE","og_type":"article","og_title":"Gesti\u00f3n de la cadena de fr\u00edo para productos m\u00e9dicos","og_description":"Todo el personal sanitario debe conocer la gesti\u00f3n de la cadena de fr\u00edo para productos m\u00e9dicos. Conozca los aspectos generales en este art\u00edculo.","og_url":"https:\/\/medicallab.coreco.es\/de\/kuhlkettenmanagement-fur-medizinische-produkte\/","og_site_name":"Medical Lab","article_published_time":"2021-06-29T11:49:54+00:00","article_modified_time":"2026-07-01T15:44:26+00:00","og_image":[{"width":1920,"height":1072,"url":"https:\/\/medical2026.3wstudiopro.com\/wp-content\/uploads\/2026\/07\/Vacunandose.jpg_2K_202607011732.webp","type":"image\/webp"}],"author":"jesus","twitter_card":"summary_large_image","twitter_misc":{"Verfasst von":"jesus","Gesch\u00e4tzte Lesezeit":"8\u00a0Minuten"},"schema":{"@context":"https:\/\/schema.org","@graph":[{"@type":"Article","@id":"https:\/\/medicallab.coreco.es\/gestion-de-la-cadena-de-frio-para-productos-medicos\/#article","isPartOf":{"@id":"https:\/\/medicallab.coreco.es\/gestion-de-la-cadena-de-frio-para-productos-medicos\/"},"author":{"name":"jesus","@id":"https:\/\/medicallab.coreco.es\/#\/schema\/person\/101ce523c59b70675314a1bb9e262938"},"headline":"Gesti\u00f3n de la cadena de fr\u00edo para productos m\u00e9dicos","datePublished":"2021-06-29T11:49:54+00:00","dateModified":"2026-07-01T15:44:26+00:00","mainEntityOfPage":{"@id":"https:\/\/medicallab.coreco.es\/gestion-de-la-cadena-de-frio-para-productos-medicos\/"},"wordCount":1819,"commentCount":0,"publisher":{"@id":"https:\/\/medicallab.coreco.es\/#organization"},"image":{"@id":"https:\/\/medicallab.coreco.es\/gestion-de-la-cadena-de-frio-para-productos-medicos\/#primaryimage"},"thumbnailUrl":"https:\/\/medicallab.coreco.es\/wp-content\/uploads\/2026\/07\/Vacunandose.jpg_2K_202607011732.webp","articleSection":["Sin categor\u00eda"],"inLanguage":"de","potentialAction":[{"@type":"CommentAction","name":"Comment","target":["https:\/\/medicallab.coreco.es\/gestion-de-la-cadena-de-frio-para-productos-medicos\/#respond"]}]},{"@type":"WebPage","@id":"https:\/\/medicallab.coreco.es\/gestion-de-la-cadena-de-frio-para-productos-medicos\/","url":"https:\/\/medicallab.coreco.es\/gestion-de-la-cadena-de-frio-para-productos-medicos\/","name":"K\u00fchlkettenmanagement f\u00fcr medizinische Produkte | Medical Lab","isPartOf":{"@id":"https:\/\/medicallab.coreco.es\/#website"},"primaryImageOfPage":{"@id":"https:\/\/medicallab.coreco.es\/gestion-de-la-cadena-de-frio-para-productos-medicos\/#primaryimage"},"image":{"@id":"https:\/\/medicallab.coreco.es\/gestion-de-la-cadena-de-frio-para-productos-medicos\/#primaryimage"},"thumbnailUrl":"https:\/\/medicallab.coreco.es\/wp-content\/uploads\/2026\/07\/Vacunandose.jpg_2K_202607011732.webp","datePublished":"2021-06-29T11:49:54+00:00","dateModified":"2026-07-01T15:44:26+00:00","description":"Das gesamte medizinische Personal muss mit dem Management der K\u00fchlkette f\u00fcr medizinische Produkte vertraut sein. In diesem Artikel erfahren Sie mehr \u00fcber die allgemeinen Aspekte.","breadcrumb":{"@id":"https:\/\/medicallab.coreco.es\/gestion-de-la-cadena-de-frio-para-productos-medicos\/#breadcrumb"},"inLanguage":"de","potentialAction":[{"@type":"ReadAction","target":["https:\/\/medicallab.coreco.es\/gestion-de-la-cadena-de-frio-para-productos-medicos\/"]}]},{"@type":"ImageObject","inLanguage":"de","@id":"https:\/\/medicallab.coreco.es\/gestion-de-la-cadena-de-frio-para-productos-medicos\/#primaryimage","url":"https:\/\/medicallab.coreco.es\/wp-content\/uploads\/2026\/07\/Vacunandose.jpg_2K_202607011732.webp","contentUrl":"https:\/\/medicallab.coreco.es\/wp-content\/uploads\/2026\/07\/Vacunandose.jpg_2K_202607011732.webp","width":1920,"height":1072},{"@type":"BreadcrumbList","@id":"https:\/\/medicallab.coreco.es\/gestion-de-la-cadena-de-frio-para-productos-medicos\/#breadcrumb","itemListElement":[{"@type":"ListItem","position":1,"name":"Portada","item":"https:\/\/medicallab.coreco.es\/"},{"@type":"ListItem","position":2,"name":"Gesti\u00f3n de la cadena de fr\u00edo para productos m\u00e9dicos"}]},{"@type":"WebSite","@id":"https:\/\/medicallab.coreco.es\/#website","url":"https:\/\/medicallab.coreco.es\/","name":"CORECO Medical Lab","description":"Medizinisches Labor","publisher":{"@id":"https:\/\/medicallab.coreco.es\/#organization"},"alternateName":"CORECO Medical Lab","potentialAction":[{"@type":"SearchAction","target":{"@type":"EntryPoint","urlTemplate":"https:\/\/medicallab.coreco.es\/?s={search_term_string}"},"query-input":{"@type":"PropertyValueSpecification","valueRequired":true,"valueName":"search_term_string"}}],"inLanguage":"de"},{"@type":"Organization","@id":"https:\/\/medicallab.coreco.es\/#organization","name":"CORECO Medical Lab","url":"https:\/\/medicallab.coreco.es\/","logo":{"@type":"ImageObject","inLanguage":"de","@id":"https:\/\/medicallab.coreco.es\/#\/schema\/logo\/image\/","url":"https:\/\/medicallab.coreco.es\/wp-content\/uploads\/2026\/03\/cropped-FAVICON.webp","contentUrl":"https:\/\/medicallab.coreco.es\/wp-content\/uploads\/2026\/03\/cropped-FAVICON.webp","width":512,"height":512,"caption":"CORECO Medical Lab"},"image":{"@id":"https:\/\/medicallab.coreco.es\/#\/schema\/logo\/image\/"},"description":"CORECO ist ein 1986 gegr\u00fcndetes Unternehmen, das sich der Entwicklung und Herstellung von Ausr\u00fcstung f\u00fcr den breiten Gastronomiemarkt widmet. Im Laufe seiner Geschichte zeichnete es sich durch eine kontinuierliche technologische Weiterentwicklung und ein starkes Unternehmenswachstum aus, wobei der Schwerpunkt darauf lag, den anspruchsvollsten Kunden effiziente und zuverl\u00e4ssige L\u00f6sungen anzubieten. Schwerpunkte des Unternehmens: \u00d6kologischer und effizienter Ansatz: Die Produkte sind auf hohe Energieeffizienz ausgelegt, schonen die Umwelt und helfen dem Endnutzer, Betriebs- und Wartungskosten zu senken. Zertifizierte Qualit\u00e4t: Die Fertigungsprozesse sind nach der internationalen Norm ISO 14001 zertifiziert, und die Ger\u00e4te werden strengen Pr\u00fcfverfahren unterzogen, die den internationalen Richtlinien und Vorschriften entsprechen. Fortschrittliche Technologie: Bei der Herstellung ihrer Ger\u00e4te kommen Hochleistungskomponenten zum Einsatz, darunter insbesondere: Kohlenwasserstoff-K\u00e4ltemittel (R290 und R600a). Elektronische Steuerung f\u00fcr Temperaturregelung, Abtauung und Kondensation. Polyurethan-Isolierung mit hoher Dichte (40 kg\/m\u00b3). Hochleistungskompressoren, Hochleistungsventilatoren und LED-Beleuchtung. Glast\u00fcren mit Low-E-Beschichtung und W\u00e4rmesperren aus Inertgas.","email":"info@coreco.es","telephone":"+34 957 50 22 75","legalName":"CORECO S.A."},{"@type":"Person","@id":"https:\/\/medicallab.coreco.es\/#\/schema\/person\/101ce523c59b70675314a1bb9e262938","name":"Jesus","image":{"@type":"ImageObject","inLanguage":"de","@id":"https:\/\/medicallab.coreco.es\/wp-content\/litespeed\/avatar\/653694bef48abce83a847738b36d597a.jpg?ver=1787676785","url":"https:\/\/medicallab.coreco.es\/wp-content\/litespeed\/avatar\/653694bef48abce83a847738b36d597a.jpg?ver=1787676785","contentUrl":"https:\/\/medicallab.coreco.es\/wp-content\/litespeed\/avatar\/653694bef48abce83a847738b36d597a.jpg?ver=1787676785","caption":"jesus"},"sameAs":["https:\/\/medicallab.coreco.es"],"url":"https:\/\/medicallab.coreco.es\/de\/author\/jesus\/"}]}},"_links":{"self":[{"href":"https:\/\/medicallab.coreco.es\/de\/wp-json\/wp\/v2\/posts\/1740","targetHints":{"allow":["GET"]}}],"collection":[{"href":"https:\/\/medicallab.coreco.es\/de\/wp-json\/wp\/v2\/posts"}],"about":[{"href":"https:\/\/medicallab.coreco.es\/de\/wp-json\/wp\/v2\/types\/post"}],"author":[{"embeddable":true,"href":"https:\/\/medicallab.coreco.es\/de\/wp-json\/wp\/v2\/users\/1"}],"replies":[{"embeddable":true,"href":"https:\/\/medicallab.coreco.es\/de\/wp-json\/wp\/v2\/comments?post=1740"}],"version-history":[{"count":1,"href":"https:\/\/medicallab.coreco.es\/de\/wp-json\/wp\/v2\/posts\/1740\/revisions"}],"predecessor-version":[{"id":1757,"href":"https:\/\/medicallab.coreco.es\/de\/wp-json\/wp\/v2\/posts\/1740\/revisions\/1757"}],"wp:featuredmedia":[{"embeddable":true,"href":"https:\/\/medicallab.coreco.es\/de\/wp-json\/wp\/v2\/media\/1781"}],"wp:attachment":[{"href":"https:\/\/medicallab.coreco.es\/de\/wp-json\/wp\/v2\/media?parent=1740"}],"wp:term":[{"taxonomy":"category","embeddable":true,"href":"https:\/\/medicallab.coreco.es\/de\/wp-json\/wp\/v2\/categories?post=1740"},{"taxonomy":"post_tag","embeddable":true,"href":"https:\/\/medicallab.coreco.es\/de\/wp-json\/wp\/v2\/tags?post=1740"}],"curies":[{"name":"wp","href":"https:\/\/api.w.org\/{rel}","templated":true}]}}